
{"id":36568,"date":"2014-05-04T13:04:15","date_gmt":"2014-05-04T16:04:15","guid":{"rendered":"http:\/\/www.sudoestehoje.com.br\/novoportal\/?p=36568"},"modified":"2014-05-04T13:04:15","modified_gmt":"2014-05-04T16:04:15","slug":"liderancas-de-macarani-foram-destaque-no-encontro-das-oposicoes","status":"publish","type":"post","link":"https:\/\/www.sudoestehoje.com.br\/novoportal\/2014\/05\/04\/liderancas-de-macarani-foram-destaque-no-encontro-das-oposicoes\/","title":{"rendered":"LIDERAN\u00c7AS DE MACARANI FORAM DESTAQUE NO ENCONTRO DAS OPOSI\u00c7\u00d5ES"},"content":{"rendered":"<p style=\"text-align: center;\"><a href=\"http:\/\/www.sudoestehoje.com.br\/novoportal\/wp-content\/uploads\/2014\/05\/lideran\u00e7as.jpg\"><img decoding=\"async\" class=\"aligncenter  wp-image-36569\" alt=\"\" src=\"http:\/\/www.sudoestehoje.com.br\/novoportal\/wp-content\/uploads\/2014\/05\/lideran\u00e7as.jpg\" width=\"450\" \/><\/a><\/p>\n<p>Lideran\u00e7as pol\u00edticas de Macarani, com destaque para o prefeito Carlinhos, Jos\u00e9 Carlos &#8220;Playboy&#8221;, vereador Glauber Costa, dentre outros, participaram em Vitoria da Conquista, da apresenta\u00e7\u00e3o da chapa majorit\u00e1ria das oposi\u00e7\u00f5es, que disputar\u00e1 as pr\u00f3ximas elei\u00e7\u00f5es para o governo baiano.<\/p>\n<p style=\"text-align: center;\"><a href=\"http:\/\/www.sudoestehoje.com.br\/novoportal\/wp-content\/uploads\/2014\/05\/LucioCarlinhos.jpg\"><img decoding=\"async\" class=\"aligncenter  wp-image-36575\" alt=\"\" src=\"http:\/\/www.sudoestehoje.com.br\/novoportal\/wp-content\/uploads\/2014\/05\/LucioCarlinhos.jpg\" width=\"450\" \/><\/a><\/p>\n<p>Ao receber os cumprimentos do pr\u00e9- candidato a sucess\u00e3o do prefeito Carlinhos em Macarani, ACM Neto se surpreendeu com a simplicidade e juventude de Playboy, abra\u00e7ando-o e dizendo: \u201cv\u00e1 em frente a Bahia precisa de jovens como n\u00f3s\u201d, pedindo a playboy para agir com lisura, \u00e9tica e transpar\u00eancia, caso venha a ser eleito Prefeito de Macarani, no pr\u00f3ximo pleito. Playboy tamb\u00e9m foi apresentado a outras lideran\u00e7as politicas do estado e posou para fotos ao lado de Paulo Souto, ACM Neto, Geddel, L\u00facio, Ant\u00f4nio Imbassahy e Herzem Gusm\u00e3o.<\/p>\n<p>Confira as fotos:<\/p>\n<p style=\"text-align: center;\"><a href=\"http:\/\/www.sudoestehoje.com.br\/novoportal\/wp-content\/uploads\/2014\/05\/BoyACM.jpg\"><img decoding=\"async\" class=\"aligncenter  wp-image-36570\" alt=\"\" src=\"http:\/\/www.sudoestehoje.com.br\/novoportal\/wp-content\/uploads\/2014\/05\/BoyACM.jpg\" width=\"450\" \/><\/a><\/p>\n<p style=\"text-align: center;\"><a href=\"http:\/\/www.sudoestehoje.com.br\/novoportal\/wp-content\/uploads\/2014\/05\/BoyPauloSolto.jpg\"><img decoding=\"async\" class=\"aligncenter  wp-image-36571\" alt=\"\" src=\"http:\/\/www.sudoestehoje.com.br\/novoportal\/wp-content\/uploads\/2014\/05\/BoyPauloSolto.jpg\" width=\"450\" \/><\/a><\/p>\n<p style=\"text-align: center;\"><a href=\"http:\/\/www.sudoestehoje.com.br\/novoportal\/wp-content\/uploads\/2014\/05\/BoyGeddel.jpg\"><img decoding=\"async\" class=\"aligncenter  wp-image-36572\" alt=\"\" src=\"http:\/\/www.sudoestehoje.com.br\/novoportal\/wp-content\/uploads\/2014\/05\/BoyGeddel.jpg\" width=\"450\" \/><\/a><\/p>\n<p style=\"text-align: center;\"><a href=\"http:\/\/www.sudoestehoje.com.br\/novoportal\/wp-content\/uploads\/2014\/05\/BoyEmbacai.jpg\"><img decoding=\"async\" class=\"aligncenter  wp-image-36573\" alt=\"\" src=\"http:\/\/www.sudoestehoje.com.br\/novoportal\/wp-content\/uploads\/2014\/05\/BoyEmbacai.jpg\" width=\"450\" \/><\/a><\/p>\n<p style=\"text-align: center;\"><a href=\"http:\/\/www.sudoestehoje.com.br\/novoportal\/wp-content\/uploads\/2014\/05\/BoyEzio.jpg\"><img decoding=\"async\" class=\"aligncenter  wp-image-36574\" alt=\"\" src=\"http:\/\/www.sudoestehoje.com.br\/novoportal\/wp-content\/uploads\/2014\/05\/BoyEzio.jpg\" width=\"450\" \/><\/a><\/p>\n","protected":false},"excerpt":{"rendered":"<p>Lideran\u00e7as pol\u00edticas de Macarani, com destaque para o prefeito Carlinhos, Jos\u00e9 Carlos &#8220;Playboy&#8221;, vereador Glauber Costa, dentre outros, participaram em Vitoria da Conquista, da apresenta\u00e7\u00e3o da chapa majorit\u00e1ria das oposi\u00e7\u00f5es, que disputar\u00e1 as pr\u00f3ximas elei\u00e7\u00f5es para o governo baiano. Ao receber os cumprimentos do pr\u00e9- candidato a sucess\u00e3o do prefeito Carlinhos em Macarani, ACM Neto [&hellip;]<\/p>\n","protected":false},"author":2,"featured_media":0,"comment_status":"open","ping_status":"open","sticky":false,"template":"","format":"standard","meta":{"footnotes":"","_links_to":"","_links_to_target":""},"categories":[1],"tags":[],"class_list":["post-36568","post","type-post","status-publish","format-standard","hentry","category-geral"],"views":1378,"_links":{"self":[{"href":"https:\/\/www.sudoestehoje.com.br\/novoportal\/wp-json\/wp\/v2\/posts\/36568","targetHints":{"allow":["GET"]}}],"collection":[{"href":"https:\/\/www.sudoestehoje.com.br\/novoportal\/wp-json\/wp\/v2\/posts"}],"about":[{"href":"https:\/\/www.sudoestehoje.com.br\/novoportal\/wp-json\/wp\/v2\/types\/post"}],"author":[{"embeddable":true,"href":"https:\/\/www.sudoestehoje.com.br\/novoportal\/wp-json\/wp\/v2\/users\/2"}],"replies":[{"embeddable":true,"href":"https:\/\/www.sudoestehoje.com.br\/novoportal\/wp-json\/wp\/v2\/comments?post=36568"}],"version-history":[{"count":1,"href":"https:\/\/www.sudoestehoje.com.br\/novoportal\/wp-json\/wp\/v2\/posts\/36568\/revisions"}],"predecessor-version":[{"id":36576,"href":"https:\/\/www.sudoestehoje.com.br\/novoportal\/wp-json\/wp\/v2\/posts\/36568\/revisions\/36576"}],"wp:attachment":[{"href":"https:\/\/www.sudoestehoje.com.br\/novoportal\/wp-json\/wp\/v2\/media?parent=36568"}],"wp:term":[{"taxonomy":"category","embeddable":true,"href":"https:\/\/www.sudoestehoje.com.br\/novoportal\/wp-json\/wp\/v2\/categories?post=36568"},{"taxonomy":"post_tag","embeddable":true,"href":"https:\/\/www.sudoestehoje.com.br\/novoportal\/wp-json\/wp\/v2\/tags?post=36568"}],"curies":[{"name":"wp","href":"https:\/\/api.w.org\/{rel}","templated":true}]}}