
{"id":36560,"date":"2014-05-03T23:15:11","date_gmt":"2014-05-04T02:15:11","guid":{"rendered":"http:\/\/www.sudoestehoje.com.br\/novoportal\/?p=36560"},"modified":"2014-05-03T23:15:48","modified_gmt":"2014-05-04T02:15:48","slug":"urgente-marco-prisco-infarta-no-presidio-e-e-levado-para-upa","status":"publish","type":"post","link":"https:\/\/www.sudoestehoje.com.br\/novoportal\/2014\/05\/03\/urgente-marco-prisco-infarta-no-presidio-e-e-levado-para-upa\/","title":{"rendered":"URGENTE! MARCO PRISCO INFARTA NO PRES\u00cdDIO E \u00c9 LEVADO PARA UMA UPA"},"content":{"rendered":"<p><a href=\"http:\/\/www.sudoestehoje.com.br\/novoportal\/wp-content\/uploads\/2014\/05\/prisco_infarto_na_papuda_foto_bocaonews.jpg\"><img loading=\"lazy\" decoding=\"async\" class=\"aligncenter size-medium wp-image-36561\" alt=\"prisco_infarto_na_papuda_foto_bocaonews\" src=\"http:\/\/www.sudoestehoje.com.br\/novoportal\/wp-content\/uploads\/2014\/05\/prisco_infarto_na_papuda_foto_bocaonews-500x375.jpg\" width=\"500\" height=\"375\" srcset=\"https:\/\/www.sudoestehoje.com.br\/novoportal\/wp-content\/uploads\/2014\/05\/prisco_infarto_na_papuda_foto_bocaonews-500x375.jpg 500w, https:\/\/www.sudoestehoje.com.br\/novoportal\/wp-content\/uploads\/2014\/05\/prisco_infarto_na_papuda_foto_bocaonews-700x525.jpg 700w, https:\/\/www.sudoestehoje.com.br\/novoportal\/wp-content\/uploads\/2014\/05\/prisco_infarto_na_papuda_foto_bocaonews.jpg 800w\" sizes=\"auto, (max-width: 500px) 100vw, 500px\" \/><\/a><\/p>\n<p><strong><em>Correio<\/em><\/strong><\/p>\n<p>O vereador Marco Prisco, principal l\u00edder da greve da PM na Bahia, sofreu um infarto e foi levado para uma Unidade de Pronto Atendimento (UPA) da cidade de S\u00e3o Sebasti\u00e3o, no Distrito Federal. Ele passou mal no in\u00edcio da noite deste s\u00e1bado (3), ap\u00f3s outros internos do local tentarem fugir do Pres\u00eddio Federal de Papuda.<\/p>\n<p>Segundo informa\u00e7\u00f5es do advogado do vereador, Leonardo Mascarenhas, Prisco foi amea\u00e7ado de morte pelos detentos, que o acusaram de ter informado para os policiais sobre a tentativa de fuga. Em seguida, ele ficou nervoso e passou a sentir dores no peito, sendo encaminhado para a UPA.<\/p>\n<p>Segundo Leonardo Mascarenhas, a interna\u00e7\u00e3o de Prisco demonstra que ele precisa ser transferido com urg\u00eancia. &#8220;Mais uma prova de que o local onde ele est\u00e1 custodiado n\u00e3o \u00e9 adequado&#8221;, aponta o advogado em nota. O vereador est\u00e1 detido no Pres\u00eddio Federal da Papuda desde o \u00faltimo dia 18 de abril.<\/p>\n","protected":false},"excerpt":{"rendered":"<p>Correio O vereador Marco Prisco, principal l\u00edder da greve da PM na Bahia, sofreu um infarto e foi levado para uma Unidade de Pronto Atendimento (UPA) da cidade de S\u00e3o Sebasti\u00e3o, no Distrito Federal. Ele passou mal no in\u00edcio da noite deste s\u00e1bado (3), ap\u00f3s outros internos do local tentarem fugir do Pres\u00eddio Federal de [&hellip;]<\/p>\n","protected":false},"author":2,"featured_media":0,"comment_status":"open","ping_status":"open","sticky":false,"template":"","format":"standard","meta":{"footnotes":"","_links_to":"","_links_to_target":""},"categories":[1],"tags":[],"class_list":["post-36560","post","type-post","status-publish","format-standard","hentry","category-geral"],"views":1389,"_links":{"self":[{"href":"https:\/\/www.sudoestehoje.com.br\/novoportal\/wp-json\/wp\/v2\/posts\/36560","targetHints":{"allow":["GET"]}}],"collection":[{"href":"https:\/\/www.sudoestehoje.com.br\/novoportal\/wp-json\/wp\/v2\/posts"}],"about":[{"href":"https:\/\/www.sudoestehoje.com.br\/novoportal\/wp-json\/wp\/v2\/types\/post"}],"author":[{"embeddable":true,"href":"https:\/\/www.sudoestehoje.com.br\/novoportal\/wp-json\/wp\/v2\/users\/2"}],"replies":[{"embeddable":true,"href":"https:\/\/www.sudoestehoje.com.br\/novoportal\/wp-json\/wp\/v2\/comments?post=36560"}],"version-history":[{"count":3,"href":"https:\/\/www.sudoestehoje.com.br\/novoportal\/wp-json\/wp\/v2\/posts\/36560\/revisions"}],"predecessor-version":[{"id":36564,"href":"https:\/\/www.sudoestehoje.com.br\/novoportal\/wp-json\/wp\/v2\/posts\/36560\/revisions\/36564"}],"wp:attachment":[{"href":"https:\/\/www.sudoestehoje.com.br\/novoportal\/wp-json\/wp\/v2\/media?parent=36560"}],"wp:term":[{"taxonomy":"category","embeddable":true,"href":"https:\/\/www.sudoestehoje.com.br\/novoportal\/wp-json\/wp\/v2\/categories?post=36560"},{"taxonomy":"post_tag","embeddable":true,"href":"https:\/\/www.sudoestehoje.com.br\/novoportal\/wp-json\/wp\/v2\/tags?post=36560"}],"curies":[{"name":"wp","href":"https:\/\/api.w.org\/{rel}","templated":true}]}}