
{"id":3656,"date":"2011-02-27T10:53:19","date_gmt":"2011-02-27T13:53:19","guid":{"rendered":"http:\/\/www.sudoestehoje.com.br\/novoportal\/?p=3656"},"modified":"2011-02-27T10:53:19","modified_gmt":"2011-02-27T13:53:19","slug":"itapetinga-justica-suspende-trem-fantasma-da-prefeitura-e-manda-convocar-concursados","status":"publish","type":"post","link":"https:\/\/www.sudoestehoje.com.br\/novoportal\/2011\/02\/27\/itapetinga-justica-suspende-trem-fantasma-da-prefeitura-e-manda-convocar-concursados\/","title":{"rendered":"ITAPETINGA: JUSTI\u00c7A SUSPENDE &#8216;TREM FANTASMA&#8217; DA PREFEITURA E MANDA CONVOCAR CONCURSADOS"},"content":{"rendered":"<p style=\"text-align: center;\"><img decoding=\"async\" class=\"aligncenter\" src=\"http:\/\/3.bp.blogspot.com\/_RoDimKucukI\/TKPZzG0QkPI\/AAAAAAAAAKQ\/nLqOXUkVd1k\/s1600\/TREM_FANTASMA_HERMES_FERNANDES.jpg\" alt=\"\" \/><\/p>\n<p style=\"text-align: center;\"><em><strong>O &#8220;Trem Fantasma&#8221; da educa\u00e7\u00e3o descarrilhou<\/strong><\/em><\/p>\n<p>\u00a0<\/p>\n<p>ITAPETINGA:\u00a0 Na \u00faltima quita-feira (24), o juiz substituto da 1\u00aa Vara C\u00edvel da Comarca de Itapetinga, Dr. Rodrigo Medeiros Sales, decidiu, nos autos da A\u00e7\u00e3o Civil P\u00fablica proposta pelo Minist\u00e9rio P\u00fablico,\u00a0suspender o processo seletivo realizado pelo munic\u00edpio, em janeiro deste ano,\u00a0determinando ao chefe do executivo a convoca\u00e7\u00e3o, no prazo de 10 dias, dos concursados de\u00a02008, para suprir as vagas deixadas pelos professores que foram atastados das salas de aula,\u00a0para assumir cargos de dire\u00e7\u00e3o nas escolas municipais.<\/p>\n<p>A decis\u00e3o atinge, em cheio, a Secretaria Municipal de Educa\u00e7\u00e3o, \u00a0que vem se negando, de forma intransigente,\u00a0em cumprir o TAC \u00a0firmado com o Minist\u00e9rio P\u00fablico, no ano passado, que\u00a0previa a convoca\u00e7\u00e3o imediata de todos os\u00a0servidores classificados no \u00faltimo concurso p\u00fablico, bem como a dispensa de servidores contratados irregularmente.<\/p>\n<p>Para burlar o que foi acordado com o MP e determinado por liminar judicial, o prefeito autorizou a realiza\u00e7\u00e3o de um verdadeiro <em><strong>&#8216;trem fantasma&#8217;<\/strong><\/em>, sob a denomina\u00e7\u00e3o de &#8220;Processo Seletivo Simplificado&#8221;, onde amigos e correligion\u00e1rios foram\u00a0 escolhidos a dedo,\u00a0sem qualquer crit\u00e9rio legal, para ocupar as vagas daqueles que, por direito, deveriam ter sido convocados para assumir suas fun\u00e7\u00f5es, desde o ano passado.<\/p>\n<p>O juiz concedeu ao munic\u00edpio, o prazo de 60 dias para\u00a0 prestar informa\u00e7\u00f5es a respeito do descumprimento do termo ajustado com o MP e da liminar\u00a0que determinou a dispensa dos contratados, alertando para as <em>consequ\u00eancias criminais<\/em> previstas em lei.<\/p>\n<p>Por conta desta teimosia irracional, o prefeito Z\u00e9 Carlos e toda a sua equipe, passam por um processo de desgaste pol\u00edtico e administrativo sem precedentes na hist\u00f3ria recente de Itapetinga. Que assim seja&#8230;<\/p>\n<p><em><strong>Por DAVI FERRAZ<\/strong><\/em><\/p>\n","protected":false},"excerpt":{"rendered":"<p>O &#8220;Trem Fantasma&#8221; da educa\u00e7\u00e3o descarrilhou \u00a0 ITAPETINGA:\u00a0 Na \u00faltima quita-feira (24), o juiz substituto da 1\u00aa Vara C\u00edvel da Comarca de Itapetinga, Dr. Rodrigo Medeiros Sales, decidiu, nos autos da A\u00e7\u00e3o Civil P\u00fablica proposta pelo Minist\u00e9rio P\u00fablico,\u00a0suspender o processo seletivo realizado pelo munic\u00edpio, em janeiro deste ano,\u00a0determinando ao chefe do executivo a convoca\u00e7\u00e3o, no [&hellip;]<\/p>\n","protected":false},"author":2,"featured_media":0,"comment_status":"open","ping_status":"open","sticky":false,"template":"","format":"standard","meta":{"footnotes":"","_links_to":"","_links_to_target":""},"categories":[1],"tags":[],"class_list":["post-3656","post","type-post","status-publish","format-standard","hentry","category-geral"],"views":1511,"_links":{"self":[{"href":"https:\/\/www.sudoestehoje.com.br\/novoportal\/wp-json\/wp\/v2\/posts\/3656","targetHints":{"allow":["GET"]}}],"collection":[{"href":"https:\/\/www.sudoestehoje.com.br\/novoportal\/wp-json\/wp\/v2\/posts"}],"about":[{"href":"https:\/\/www.sudoestehoje.com.br\/novoportal\/wp-json\/wp\/v2\/types\/post"}],"author":[{"embeddable":true,"href":"https:\/\/www.sudoestehoje.com.br\/novoportal\/wp-json\/wp\/v2\/users\/2"}],"replies":[{"embeddable":true,"href":"https:\/\/www.sudoestehoje.com.br\/novoportal\/wp-json\/wp\/v2\/comments?post=3656"}],"version-history":[{"count":3,"href":"https:\/\/www.sudoestehoje.com.br\/novoportal\/wp-json\/wp\/v2\/posts\/3656\/revisions"}],"predecessor-version":[{"id":3659,"href":"https:\/\/www.sudoestehoje.com.br\/novoportal\/wp-json\/wp\/v2\/posts\/3656\/revisions\/3659"}],"wp:attachment":[{"href":"https:\/\/www.sudoestehoje.com.br\/novoportal\/wp-json\/wp\/v2\/media?parent=3656"}],"wp:term":[{"taxonomy":"category","embeddable":true,"href":"https:\/\/www.sudoestehoje.com.br\/novoportal\/wp-json\/wp\/v2\/categories?post=3656"},{"taxonomy":"post_tag","embeddable":true,"href":"https:\/\/www.sudoestehoje.com.br\/novoportal\/wp-json\/wp\/v2\/tags?post=3656"}],"curies":[{"name":"wp","href":"https:\/\/api.w.org\/{rel}","templated":true}]}}