
{"id":36556,"date":"2014-05-03T20:59:10","date_gmt":"2014-05-03T23:59:10","guid":{"rendered":"http:\/\/www.sudoestehoje.com.br\/novoportal\/?p=36556"},"modified":"2014-05-03T20:59:10","modified_gmt":"2014-05-03T23:59:10","slug":"psdc-de-itapetinga-confirma-apoio-a-paulo-souto-e-geddel","status":"publish","type":"post","link":"https:\/\/www.sudoestehoje.com.br\/novoportal\/2014\/05\/03\/psdc-de-itapetinga-confirma-apoio-a-paulo-souto-e-geddel\/","title":{"rendered":"PSDC DE ITAPETINGA CONFIRMA APOIO A PAULO SOUTO E GEDDEL"},"content":{"rendered":"<p><a href=\"http:\/\/www.sudoestehoje.com.br\/novoportal\/wp-content\/uploads\/2014\/05\/GEDC0094-500x3751.jpg\"><img loading=\"lazy\" decoding=\"async\" class=\"aligncenter size-full wp-image-36557\" alt=\"GEDC0094-500x375[1]\" src=\"http:\/\/www.sudoestehoje.com.br\/novoportal\/wp-content\/uploads\/2014\/05\/GEDC0094-500x3751.jpg\" width=\"500\" height=\"375\" \/><\/a><\/p>\n<p>Durante a visita da chapa de oposi\u00e7\u00e3o a Vit\u00f3ria da Conquista, no \u00faltimo s\u00e1bado (26), o empres\u00e1rio do ramo \u00f3tico e\u00a0 presidente do PSDC de Itapetinga, Gild\u00e1sio Queiroz, esteve presente ao evento e declarou apoio a chapa oposicionista, liderada em Itapetinga pelas duas maiores for\u00e7as pol\u00edticas \u00a0locais, Dr. Jos\u00e9 Ot\u00e1vio e Michel Hagge. Queiroz aproveitou a oportunidade \u00a0abra\u00e7ar e posar para fotos, ao lado de Paulo Souto e Geddel.<\/p>\n<p><a href=\"http:\/\/www.sudoestehoje.com.br\/novoportal\/wp-content\/uploads\/2014\/05\/GEDC00921.jpg\"><img loading=\"lazy\" decoding=\"async\" class=\"aligncenter size-medium wp-image-36558\" alt=\"GEDSC DIGITAL CAMERA\" src=\"http:\/\/www.sudoestehoje.com.br\/novoportal\/wp-content\/uploads\/2014\/05\/GEDC00921-500x375.jpg\" width=\"500\" height=\"375\" srcset=\"https:\/\/www.sudoestehoje.com.br\/novoportal\/wp-content\/uploads\/2014\/05\/GEDC00921-500x375.jpg 500w, https:\/\/www.sudoestehoje.com.br\/novoportal\/wp-content\/uploads\/2014\/05\/GEDC00921.jpg 640w\" sizes=\"auto, (max-width: 500px) 100vw, 500px\" \/><\/a><\/p>\n","protected":false},"excerpt":{"rendered":"<p>Durante a visita da chapa de oposi\u00e7\u00e3o a Vit\u00f3ria da Conquista, no \u00faltimo s\u00e1bado (26), o empres\u00e1rio do ramo \u00f3tico e\u00a0 presidente do PSDC de Itapetinga, Gild\u00e1sio Queiroz, esteve presente ao evento e declarou apoio a chapa oposicionista, liderada em Itapetinga pelas duas maiores for\u00e7as pol\u00edticas \u00a0locais, Dr. Jos\u00e9 Ot\u00e1vio e Michel Hagge. Queiroz aproveitou [&hellip;]<\/p>\n","protected":false},"author":2,"featured_media":0,"comment_status":"open","ping_status":"open","sticky":false,"template":"","format":"standard","meta":{"footnotes":"","_links_to":"","_links_to_target":""},"categories":[1],"tags":[],"class_list":["post-36556","post","type-post","status-publish","format-standard","hentry","category-geral"],"views":1279,"_links":{"self":[{"href":"https:\/\/www.sudoestehoje.com.br\/novoportal\/wp-json\/wp\/v2\/posts\/36556","targetHints":{"allow":["GET"]}}],"collection":[{"href":"https:\/\/www.sudoestehoje.com.br\/novoportal\/wp-json\/wp\/v2\/posts"}],"about":[{"href":"https:\/\/www.sudoestehoje.com.br\/novoportal\/wp-json\/wp\/v2\/types\/post"}],"author":[{"embeddable":true,"href":"https:\/\/www.sudoestehoje.com.br\/novoportal\/wp-json\/wp\/v2\/users\/2"}],"replies":[{"embeddable":true,"href":"https:\/\/www.sudoestehoje.com.br\/novoportal\/wp-json\/wp\/v2\/comments?post=36556"}],"version-history":[{"count":1,"href":"https:\/\/www.sudoestehoje.com.br\/novoportal\/wp-json\/wp\/v2\/posts\/36556\/revisions"}],"predecessor-version":[{"id":36559,"href":"https:\/\/www.sudoestehoje.com.br\/novoportal\/wp-json\/wp\/v2\/posts\/36556\/revisions\/36559"}],"wp:attachment":[{"href":"https:\/\/www.sudoestehoje.com.br\/novoportal\/wp-json\/wp\/v2\/media?parent=36556"}],"wp:term":[{"taxonomy":"category","embeddable":true,"href":"https:\/\/www.sudoestehoje.com.br\/novoportal\/wp-json\/wp\/v2\/categories?post=36556"},{"taxonomy":"post_tag","embeddable":true,"href":"https:\/\/www.sudoestehoje.com.br\/novoportal\/wp-json\/wp\/v2\/tags?post=36556"}],"curies":[{"name":"wp","href":"https:\/\/api.w.org\/{rel}","templated":true}]}}