
{"id":36545,"date":"2014-05-03T10:14:53","date_gmt":"2014-05-03T13:14:53","guid":{"rendered":"http:\/\/www.sudoestehoje.com.br\/novoportal\/?p=36545"},"modified":"2014-05-03T12:53:37","modified_gmt":"2014-05-03T15:53:37","slug":"pesquisa-sensus-sinaliza-2o-turno-na-sucessao-presidencial","status":"publish","type":"post","link":"https:\/\/www.sudoestehoje.com.br\/novoportal\/2014\/05\/03\/pesquisa-sensus-sinaliza-2o-turno-na-sucessao-presidencial\/","title":{"rendered":"PESQUISA SENSUS SINALIZA 2\u00ba TURNO NA SUCESS\u00c3O PRESIDENCIAL"},"content":{"rendered":"<p><a href=\"http:\/\/www.sudoestehoje.com.br\/novoportal\/wp-content\/uploads\/2014\/05\/pesquisa-eleitoral.jpg\"><img loading=\"lazy\" decoding=\"async\" class=\"aligncenter size-medium wp-image-36546\" alt=\"pesquisa-eleitoral\" src=\"http:\/\/www.sudoestehoje.com.br\/novoportal\/wp-content\/uploads\/2014\/05\/pesquisa-eleitoral-500x346.jpg\" width=\"500\" height=\"346\" srcset=\"https:\/\/www.sudoestehoje.com.br\/novoportal\/wp-content\/uploads\/2014\/05\/pesquisa-eleitoral-500x346.jpg 500w, https:\/\/www.sudoestehoje.com.br\/novoportal\/wp-content\/uploads\/2014\/05\/pesquisa-eleitoral.jpg 650w\" sizes=\"auto, (max-width: 500px) 100vw, 500px\" \/><\/a><\/p>\n<p>Pesquisa realizada pelo instituto Sensus e divulgada na madrugada deste s\u00e1bado no site da revista Isto\u00c9 sinaliza que a disputa presidencial de 2014 deve ser decidida no segundo turno. Dilma Rousseff amealhou 35% das inten\u00e7\u00f5es de voto. A\u00e9cio Neves, 23,7%. E Eduardo Campos, 11%.<\/p>\n<p>Somando-se os percentuais atribu\u00eddos a A\u00e9cio e Campos, chega-se a 34,7%, apenas 0,3% abaixo dos 35% de Dilma. Numa pesquisa em que a margem de erro \u00e9 de 2,2 pontos percentuais, essa diferen\u00e7a \u00e9 estatisticamente negligenci\u00e1vel. Significa dizer que, se a elei\u00e7\u00e3o fosse hoje, a disputa escorregaria para o segundo turno.<\/p>\n<p>Num cen\u00e1rio em que foram inclu\u00eddos oito candidatos, inclusive os nanicos, Dilma obteve 34%. A\u00e9cio ficou com 19,9%. Campos cravou 8,3%. Somando-se A\u00e9cio e Campos aos outros seis nomes mencionados pelos pesquisadores, os antagonistas da presidente chegam a 32,4%. Uma diferen\u00e7a de 1,6%. Portanto, considerando-se a margem de erro, permanece a indica\u00e7\u00e3o de segundo turno.<\/p>\n<p>Os dados vieram \u00e0 luz poucas horas depois de o PT ter aclamado Dilma como sua pr\u00e9-candidata num encontro nacional realizado em S\u00e3o Paulo. \u201cPrecisamos parar de imaginar que existe outro candidato que n\u00e3o seja a Dilma nesse partido\u201d, discursou Lula, para uma plateia de 800 delegados estaduais do PT. \u201cQuando a gente brinca com isso, nossos advers\u00e1rios tiram proveito\u201d. Leia mais no\u00a0<a href=\"http:\/\/josiasdesouza.blogosfera.uol.com.br\/2014\/05\/03\/pesquisa-sensus-sinaliza-2o-turno-na-sucessao\/\" target=\"_blank\">Blog do Josias<\/a>.<\/p>\n<p><img decoding=\"async\" class=\"aligncenter\" alt=\"02.jpg\" src=\"http:\/\/content-portal.istoe.com.br\/istoeimagens\/imagens\/mi_14020070575525651.jpg\" width=\"500\" \/><\/p>\n","protected":false},"excerpt":{"rendered":"<p>Pesquisa realizada pelo instituto Sensus e divulgada na madrugada deste s\u00e1bado no site da revista Isto\u00c9 sinaliza que a disputa presidencial de 2014 deve ser decidida no segundo turno. Dilma Rousseff amealhou 35% das inten\u00e7\u00f5es de voto. A\u00e9cio Neves, 23,7%. E Eduardo Campos, 11%. Somando-se os percentuais atribu\u00eddos a A\u00e9cio e Campos, chega-se a 34,7%, [&hellip;]<\/p>\n","protected":false},"author":2,"featured_media":0,"comment_status":"open","ping_status":"open","sticky":false,"template":"","format":"standard","meta":{"footnotes":"","_links_to":"","_links_to_target":""},"categories":[1],"tags":[],"class_list":["post-36545","post","type-post","status-publish","format-standard","hentry","category-geral"],"views":1228,"_links":{"self":[{"href":"https:\/\/www.sudoestehoje.com.br\/novoportal\/wp-json\/wp\/v2\/posts\/36545","targetHints":{"allow":["GET"]}}],"collection":[{"href":"https:\/\/www.sudoestehoje.com.br\/novoportal\/wp-json\/wp\/v2\/posts"}],"about":[{"href":"https:\/\/www.sudoestehoje.com.br\/novoportal\/wp-json\/wp\/v2\/types\/post"}],"author":[{"embeddable":true,"href":"https:\/\/www.sudoestehoje.com.br\/novoportal\/wp-json\/wp\/v2\/users\/2"}],"replies":[{"embeddable":true,"href":"https:\/\/www.sudoestehoje.com.br\/novoportal\/wp-json\/wp\/v2\/comments?post=36545"}],"version-history":[{"count":3,"href":"https:\/\/www.sudoestehoje.com.br\/novoportal\/wp-json\/wp\/v2\/posts\/36545\/revisions"}],"predecessor-version":[{"id":36549,"href":"https:\/\/www.sudoestehoje.com.br\/novoportal\/wp-json\/wp\/v2\/posts\/36545\/revisions\/36549"}],"wp:attachment":[{"href":"https:\/\/www.sudoestehoje.com.br\/novoportal\/wp-json\/wp\/v2\/media?parent=36545"}],"wp:term":[{"taxonomy":"category","embeddable":true,"href":"https:\/\/www.sudoestehoje.com.br\/novoportal\/wp-json\/wp\/v2\/categories?post=36545"},{"taxonomy":"post_tag","embeddable":true,"href":"https:\/\/www.sudoestehoje.com.br\/novoportal\/wp-json\/wp\/v2\/tags?post=36545"}],"curies":[{"name":"wp","href":"https:\/\/api.w.org\/{rel}","templated":true}]}}