
{"id":36541,"date":"2014-05-03T01:51:43","date_gmt":"2014-05-03T04:51:43","guid":{"rendered":"http:\/\/www.sudoestehoje.com.br\/novoportal\/?p=36541"},"modified":"2014-05-03T01:53:36","modified_gmt":"2014-05-03T04:53:36","slug":"pt-relanca-dilma-para-tentar-conter-movimento-volta-lula","status":"publish","type":"post","link":"https:\/\/www.sudoestehoje.com.br\/novoportal\/2014\/05\/03\/pt-relanca-dilma-para-tentar-conter-movimento-volta-lula\/","title":{"rendered":"PT RELAN\u00c7A DILMA PARA TENTAR CONTER MOVIMENTO &#8220;VOLTA LULA&#8221;"},"content":{"rendered":"<p><a href=\"http:\/\/www.sudoestehoje.com.br\/novoportal\/wp-content\/uploads\/2014\/05\/Rui-Falcao-Dilma-Rousseff-e-Lula-size-598.jpg\"><img loading=\"lazy\" decoding=\"async\" class=\"aligncenter size-medium wp-image-36542\" alt=\"Rui-Falcao-Dilma-Rousseff-e-Lula-size-598\" src=\"http:\/\/www.sudoestehoje.com.br\/novoportal\/wp-content\/uploads\/2014\/05\/Rui-Falcao-Dilma-Rousseff-e-Lula-size-598-500x281.jpg\" width=\"500\" height=\"281\" srcset=\"https:\/\/www.sudoestehoje.com.br\/novoportal\/wp-content\/uploads\/2014\/05\/Rui-Falcao-Dilma-Rousseff-e-Lula-size-598-500x281.jpg 500w, https:\/\/www.sudoestehoje.com.br\/novoportal\/wp-content\/uploads\/2014\/05\/Rui-Falcao-Dilma-Rousseff-e-Lula-size-598.jpg 597w\" sizes=\"auto, (max-width: 500px) 100vw, 500px\" \/><\/a><\/p>\n<p><strong><em>Veja<\/em><\/strong><\/p>\n<p>Em um evento pontuado por\u00a0ataques a\u00a0advers\u00e1rios pol\u00edticos e \u00e0 imprensa, defesa dos mensaleiros presos e tentativa de abafar as den\u00fancias de corrup\u00e7\u00e3o na Petrobras, o PT respaldou na noite desta sexta-feira a pr\u00e9-candidatura da presidente Dilma Rousseff \u00e0 reelei\u00e7\u00e3o. O encontro nacional, em S\u00e3o Paulo, ocorreu no momento de maior fragilidade do governo Dilma e foi destinado a tentar abafar o movimento &#8220;Volta, Lula&#8221;, que ganhou for\u00e7a nesta semana e ecoou em partidos aliados.<\/p>\n<p>Coube justamente ao ex-presidente o discurso para aplacar a corrente que defende sua candidatura no lugar da de Dilma. &#8220;Precisamos parar de imaginar que existe outro candidato que n\u00e3o a Dilma neste partido. Quando a gente brinca com isso os advers\u00e1rios tiram proveito. Se um dia eu tivesse que ser candidato a alguma coisa, a primeira a saber\u00a0seria a presidente Dilma Rousseff&#8221;, disse.<\/p>\n<p>Ap\u00f3s receber o apoio e a &#8220;ben\u00e7\u00e3o do padrinho&#8221;, Dilma come\u00e7ou o seu discurso pontuando que a confirma\u00e7\u00e3o de seu nome como candidata do partido\u00a0era uma prova da confian\u00e7a existente entre Lula e ela. A presidente seguiu a orienta\u00e7\u00e3o do mentor e repetiu o seu pronunciamento, cheio de ret\u00f3ricas e &#8220;vivas&#8221; aos grandes avan\u00e7os dos \u00faltimos anos.\u00a0Mas, ao culpar\u00a0os outros pelo seus fracassos, Dilma preferiu\u00a0generalizar, como no caso da Petrobras.\u00a0&#8220;Eu n\u00e3o fui eleita para entregar o pr\u00e9-sal.&#8221;<\/p>\n","protected":false},"excerpt":{"rendered":"<p>Veja Em um evento pontuado por\u00a0ataques a\u00a0advers\u00e1rios pol\u00edticos e \u00e0 imprensa, defesa dos mensaleiros presos e tentativa de abafar as den\u00fancias de corrup\u00e7\u00e3o na Petrobras, o PT respaldou na noite desta sexta-feira a pr\u00e9-candidatura da presidente Dilma Rousseff \u00e0 reelei\u00e7\u00e3o. O encontro nacional, em S\u00e3o Paulo, ocorreu no momento de maior fragilidade do governo Dilma [&hellip;]<\/p>\n","protected":false},"author":2,"featured_media":0,"comment_status":"open","ping_status":"open","sticky":false,"template":"","format":"standard","meta":{"footnotes":"","_links_to":"","_links_to_target":""},"categories":[1],"tags":[],"class_list":["post-36541","post","type-post","status-publish","format-standard","hentry","category-geral"],"views":1067,"_links":{"self":[{"href":"https:\/\/www.sudoestehoje.com.br\/novoportal\/wp-json\/wp\/v2\/posts\/36541","targetHints":{"allow":["GET"]}}],"collection":[{"href":"https:\/\/www.sudoestehoje.com.br\/novoportal\/wp-json\/wp\/v2\/posts"}],"about":[{"href":"https:\/\/www.sudoestehoje.com.br\/novoportal\/wp-json\/wp\/v2\/types\/post"}],"author":[{"embeddable":true,"href":"https:\/\/www.sudoestehoje.com.br\/novoportal\/wp-json\/wp\/v2\/users\/2"}],"replies":[{"embeddable":true,"href":"https:\/\/www.sudoestehoje.com.br\/novoportal\/wp-json\/wp\/v2\/comments?post=36541"}],"version-history":[{"count":2,"href":"https:\/\/www.sudoestehoje.com.br\/novoportal\/wp-json\/wp\/v2\/posts\/36541\/revisions"}],"predecessor-version":[{"id":36544,"href":"https:\/\/www.sudoestehoje.com.br\/novoportal\/wp-json\/wp\/v2\/posts\/36541\/revisions\/36544"}],"wp:attachment":[{"href":"https:\/\/www.sudoestehoje.com.br\/novoportal\/wp-json\/wp\/v2\/media?parent=36541"}],"wp:term":[{"taxonomy":"category","embeddable":true,"href":"https:\/\/www.sudoestehoje.com.br\/novoportal\/wp-json\/wp\/v2\/categories?post=36541"},{"taxonomy":"post_tag","embeddable":true,"href":"https:\/\/www.sudoestehoje.com.br\/novoportal\/wp-json\/wp\/v2\/tags?post=36541"}],"curies":[{"name":"wp","href":"https:\/\/api.w.org\/{rel}","templated":true}]}}