
{"id":36533,"date":"2014-05-04T22:53:02","date_gmt":"2014-05-05T01:53:02","guid":{"rendered":"http:\/\/www.sudoestehoje.com.br\/novoportal\/?p=36533"},"modified":"2014-05-05T16:48:32","modified_gmt":"2014-05-05T19:48:32","slug":"exclusivo-dem-e-pmdb-realizam-reuniao-preparatoria-para-o-grande-encontro-das-oposicoes-em-itapetinga","status":"publish","type":"post","link":"https:\/\/www.sudoestehoje.com.br\/novoportal\/2014\/05\/04\/exclusivo-dem-e-pmdb-realizam-reuniao-preparatoria-para-o-grande-encontro-das-oposicoes-em-itapetinga\/","title":{"rendered":"EXCLUSIVO: DEM E PMDB REALIZAM REUNI\u00c3O PREPARAT\u00d3RIA PARA O GRANDE ENCONTRO DAS OPOSI\u00c7\u00d5ES EM ITAPETINGA"},"content":{"rendered":"<p><a href=\"http:\/\/www.sudoestehoje.com.br\/novoportal\/wp-content\/uploads\/2014\/05\/reuni\u00e3o-DEM-PMDB-02.05-1.jpg\"><img loading=\"lazy\" decoding=\"async\" class=\"aligncenter size-medium wp-image-36534\" alt=\"reuni\u00e3o DEM PMDB 02.05 (1)\" src=\"http:\/\/www.sudoestehoje.com.br\/novoportal\/wp-content\/uploads\/2014\/05\/reuni\u00e3o-DEM-PMDB-02.05-1-500x375.jpg\" width=\"500\" height=\"375\" srcset=\"https:\/\/www.sudoestehoje.com.br\/novoportal\/wp-content\/uploads\/2014\/05\/reuni\u00e3o-DEM-PMDB-02.05-1-500x375.jpg 500w, https:\/\/www.sudoestehoje.com.br\/novoportal\/wp-content\/uploads\/2014\/05\/reuni\u00e3o-DEM-PMDB-02.05-1-700x525.jpg 700w, https:\/\/www.sudoestehoje.com.br\/novoportal\/wp-content\/uploads\/2014\/05\/reuni\u00e3o-DEM-PMDB-02.05-1.jpg 800w\" sizes=\"auto, (max-width: 500px) 100vw, 500px\" \/><\/a><\/p>\n<p>ITAPETINGA: Na noite desta sexta-feira, lideran\u00e7as do DEM e PMDB realizaram uma reuni\u00e3o, para discutir estrat\u00e9gias a serem adotadas na prepara\u00e7\u00e3o do Encontro das Oposi\u00e7\u00f5es em Itapetinga, que ser\u00e1 realizado no pr\u00f3ximo dia 16, sexta-feira da Exposi\u00e7\u00e3o Agropecu\u00e1ria.<\/p>\n<p>Al\u00e9m dos l\u00edderes Jos\u00e9 Ot\u00e1vio Curvelo (DEM) e Michel Hagge (PMDB), outros nomes importantes dos dois partidos oposicionistas tamb\u00e9m participaram do grupo de trabalho, que continuar\u00e1 coordenando as a\u00e7\u00f5es conjuntas, com vistas \u00e0s elei\u00e7\u00f5es de outubro.<\/p>\n<p>A reda\u00e7\u00e3o do Sudoeste Hoje conversou com um dos integrantes do grupo, que relatou o clima amistoso da reuni\u00e3o, afirmando que prevaleceu o respeito m\u00fatuo e o entendimento entre democratas e peemedebistas, &#8220;como se j\u00e1 estivessem juntos h\u00e1 muito tempo&#8221;.<\/p>\n<p>Quanto \u00e0 vinda de Paulo Souto, Geddel, Joaci e ACM Neto, foi confirmada para o dia 16 de maio (sexta-feira), quando acontecer\u00e1 o Encontro Regional das Oposi\u00e7\u00f5es, seguido de uma visita ao Parque de Exposi\u00e7\u00f5es.<\/p>\n<p><strong><em>Por Davi Ferraz\u00a0<\/em><\/strong><\/p>\n","protected":false},"excerpt":{"rendered":"<p>ITAPETINGA: Na noite desta sexta-feira, lideran\u00e7as do DEM e PMDB realizaram uma reuni\u00e3o, para discutir estrat\u00e9gias a serem adotadas na prepara\u00e7\u00e3o do Encontro das Oposi\u00e7\u00f5es em Itapetinga, que ser\u00e1 realizado no pr\u00f3ximo dia 16, sexta-feira da Exposi\u00e7\u00e3o Agropecu\u00e1ria. Al\u00e9m dos l\u00edderes Jos\u00e9 Ot\u00e1vio Curvelo (DEM) e Michel Hagge (PMDB), outros nomes importantes dos dois partidos [&hellip;]<\/p>\n","protected":false},"author":2,"featured_media":0,"comment_status":"open","ping_status":"open","sticky":false,"template":"","format":"standard","meta":{"footnotes":"","_links_to":"","_links_to_target":""},"categories":[1],"tags":[],"class_list":["post-36533","post","type-post","status-publish","format-standard","hentry","category-geral"],"views":1112,"_links":{"self":[{"href":"https:\/\/www.sudoestehoje.com.br\/novoportal\/wp-json\/wp\/v2\/posts\/36533","targetHints":{"allow":["GET"]}}],"collection":[{"href":"https:\/\/www.sudoestehoje.com.br\/novoportal\/wp-json\/wp\/v2\/posts"}],"about":[{"href":"https:\/\/www.sudoestehoje.com.br\/novoportal\/wp-json\/wp\/v2\/types\/post"}],"author":[{"embeddable":true,"href":"https:\/\/www.sudoestehoje.com.br\/novoportal\/wp-json\/wp\/v2\/users\/2"}],"replies":[{"embeddable":true,"href":"https:\/\/www.sudoestehoje.com.br\/novoportal\/wp-json\/wp\/v2\/comments?post=36533"}],"version-history":[{"count":3,"href":"https:\/\/www.sudoestehoje.com.br\/novoportal\/wp-json\/wp\/v2\/posts\/36533\/revisions"}],"predecessor-version":[{"id":36537,"href":"https:\/\/www.sudoestehoje.com.br\/novoportal\/wp-json\/wp\/v2\/posts\/36533\/revisions\/36537"}],"wp:attachment":[{"href":"https:\/\/www.sudoestehoje.com.br\/novoportal\/wp-json\/wp\/v2\/media?parent=36533"}],"wp:term":[{"taxonomy":"category","embeddable":true,"href":"https:\/\/www.sudoestehoje.com.br\/novoportal\/wp-json\/wp\/v2\/categories?post=36533"},{"taxonomy":"post_tag","embeddable":true,"href":"https:\/\/www.sudoestehoje.com.br\/novoportal\/wp-json\/wp\/v2\/tags?post=36533"}],"curies":[{"name":"wp","href":"https:\/\/api.w.org\/{rel}","templated":true}]}}