
{"id":36527,"date":"2014-05-02T12:10:35","date_gmt":"2014-05-02T15:10:35","guid":{"rendered":"http:\/\/www.sudoestehoje.com.br\/novoportal\/?p=36527"},"modified":"2014-05-02T12:10:35","modified_gmt":"2014-05-02T15:10:35","slug":"eleicao-instituto-sensus-soltara-pesquisa-com-forte-alta-de-aecio","status":"publish","type":"post","link":"https:\/\/www.sudoestehoje.com.br\/novoportal\/2014\/05\/02\/eleicao-instituto-sensus-soltara-pesquisa-com-forte-alta-de-aecio\/","title":{"rendered":"ELEI\u00c7\u00c3O: INSTITUTO SENSUS SOLTAR\u00c1 PESQUISA COM FORTE ALTA DE A\u00c9CIO"},"content":{"rendered":"<p><a href=\"http:\/\/www.sudoestehoje.com.br\/novoportal\/wp-content\/uploads\/2014\/05\/candidatos.jpg\"><img loading=\"lazy\" decoding=\"async\" class=\"aligncenter size-full wp-image-36528\" alt=\"candidatos\" src=\"http:\/\/www.sudoestehoje.com.br\/novoportal\/wp-content\/uploads\/2014\/05\/candidatos.jpg\" width=\"490\" height=\"280\" \/><\/a><\/p>\n<p>Deu no site Brasil 247, ligado ao PT, que neste s\u00e1bado sai um novo levantamento sobre o cen\u00e1rio eleitoral, feito em parceria entre o Instituto Sensus, do cientista pol\u00edtico Ricardo Guedes, que at\u00e9 recentemente trabalhava a revista Isto\u00e9. O question\u00e1rio aborda temas como avalia\u00e7\u00e3o do governo Dilma e percep\u00e7\u00e3o de infla\u00e7\u00e3o. Ao longo da semana, circularam rumores de uma pesquisa que traria a presidente Dilma Rousseff com 31% das inten\u00e7\u00f5es de voto e A\u00e9cio Neves com 27%. \u00a0Campos, como terceira via, ficaria distante. Vamos ent\u00e3o aguardar.<\/p>\n<p><strong><em>Da Reda\u00e7\u00e3o<\/em><\/strong><\/p>\n","protected":false},"excerpt":{"rendered":"<p>Deu no site Brasil 247, ligado ao PT, que neste s\u00e1bado sai um novo levantamento sobre o cen\u00e1rio eleitoral, feito em parceria entre o Instituto Sensus, do cientista pol\u00edtico Ricardo Guedes, que at\u00e9 recentemente trabalhava a revista Isto\u00e9. O question\u00e1rio aborda temas como avalia\u00e7\u00e3o do governo Dilma e percep\u00e7\u00e3o de infla\u00e7\u00e3o. Ao longo da semana, [&hellip;]<\/p>\n","protected":false},"author":2,"featured_media":0,"comment_status":"open","ping_status":"open","sticky":false,"template":"","format":"standard","meta":{"footnotes":"","_links_to":"","_links_to_target":""},"categories":[1],"tags":[],"class_list":["post-36527","post","type-post","status-publish","format-standard","hentry","category-geral"],"views":1294,"_links":{"self":[{"href":"https:\/\/www.sudoestehoje.com.br\/novoportal\/wp-json\/wp\/v2\/posts\/36527","targetHints":{"allow":["GET"]}}],"collection":[{"href":"https:\/\/www.sudoestehoje.com.br\/novoportal\/wp-json\/wp\/v2\/posts"}],"about":[{"href":"https:\/\/www.sudoestehoje.com.br\/novoportal\/wp-json\/wp\/v2\/types\/post"}],"author":[{"embeddable":true,"href":"https:\/\/www.sudoestehoje.com.br\/novoportal\/wp-json\/wp\/v2\/users\/2"}],"replies":[{"embeddable":true,"href":"https:\/\/www.sudoestehoje.com.br\/novoportal\/wp-json\/wp\/v2\/comments?post=36527"}],"version-history":[{"count":1,"href":"https:\/\/www.sudoestehoje.com.br\/novoportal\/wp-json\/wp\/v2\/posts\/36527\/revisions"}],"predecessor-version":[{"id":36529,"href":"https:\/\/www.sudoestehoje.com.br\/novoportal\/wp-json\/wp\/v2\/posts\/36527\/revisions\/36529"}],"wp:attachment":[{"href":"https:\/\/www.sudoestehoje.com.br\/novoportal\/wp-json\/wp\/v2\/media?parent=36527"}],"wp:term":[{"taxonomy":"category","embeddable":true,"href":"https:\/\/www.sudoestehoje.com.br\/novoportal\/wp-json\/wp\/v2\/categories?post=36527"},{"taxonomy":"post_tag","embeddable":true,"href":"https:\/\/www.sudoestehoje.com.br\/novoportal\/wp-json\/wp\/v2\/tags?post=36527"}],"curies":[{"name":"wp","href":"https:\/\/api.w.org\/{rel}","templated":true}]}}