
{"id":36504,"date":"2014-05-01T22:11:59","date_gmt":"2014-05-02T01:11:59","guid":{"rendered":"http:\/\/www.sudoestehoje.com.br\/novoportal\/?p=36504"},"modified":"2014-05-01T22:11:36","modified_gmt":"2014-05-02T01:11:36","slug":"prefeito-paulo-fernandes-representa-regiao-em-entrega-de-maquinas-do-pac-2","status":"publish","type":"post","link":"https:\/\/www.sudoestehoje.com.br\/novoportal\/2014\/05\/01\/prefeito-paulo-fernandes-representa-regiao-em-entrega-de-maquinas-do-pac-2\/","title":{"rendered":"PREFEITO PAULO FERNANDES REPRESENTA REGI\u00c3O EM ENTREGA DE M\u00c1QUINAS DO PAC-2"},"content":{"rendered":"<p><a href=\"http:\/\/www.sudoestehoje.com.br\/novoportal\/wp-content\/uploads\/2014\/05\/PAULO-E-DILMA.jpg\"><img loading=\"lazy\" decoding=\"async\" class=\"aligncenter size-medium wp-image-36505\" alt=\"PAULO E DILMA\" src=\"http:\/\/www.sudoestehoje.com.br\/novoportal\/wp-content\/uploads\/2014\/05\/PAULO-E-DILMA-500x333.jpg\" width=\"500\" height=\"333\" srcset=\"https:\/\/www.sudoestehoje.com.br\/novoportal\/wp-content\/uploads\/2014\/05\/PAULO-E-DILMA-500x333.jpg 500w, https:\/\/www.sudoestehoje.com.br\/novoportal\/wp-content\/uploads\/2014\/05\/PAULO-E-DILMA-700x466.jpg 700w, https:\/\/www.sudoestehoje.com.br\/novoportal\/wp-content\/uploads\/2014\/05\/PAULO-E-DILMA.jpg 1024w\" sizes=\"auto, (max-width: 500px) 100vw, 500px\" \/><\/a><\/p>\n<p>ITARANTIM: Na manh\u00e3 desta ter\u00e7a-feira (29), a presidente Dilma Rousseff esteve em Feira de Santana para entregar 228 m\u00e1quinas a 190 prefeituras baianas. Os equipamentos v\u00e3o ajudar na recupera\u00e7\u00e3o de estradas que ligam o campo \u00e0s cidades, beneficiando 203 mil agricultores. Dentre as m\u00e1quinas, est\u00e3o 41 motoniveladoras, 76 caminh\u00f5es-ca\u00e7amba e 111 p\u00e1s- carregadeiras. O investimento total \u00e9 de R$ 67,9 milh\u00f5es.<\/p>\n<p>O prefeito de Itarantim, Paulo Fernandes (PSB), foi o escolhido para representar a regi\u00e3o Sudoeste da Bahia na hora da entrega das chaves, recebendo das m\u00e3os da presidente Dilma as chaves de uma P\u00e1 Carregadeira, adquirida pelo Minist\u00e9rio do Desenvolvimento Agr\u00e1rio \u2013 MDA, atrav\u00e9s do Programa de Acelera\u00e7\u00e3o do Crescimento ( PAC 2), do Governo Federal e doada ao munic\u00edpio.<\/p>\n","protected":false},"excerpt":{"rendered":"<p>ITARANTIM: Na manh\u00e3 desta ter\u00e7a-feira (29), a presidente Dilma Rousseff esteve em Feira de Santana para entregar 228 m\u00e1quinas a 190 prefeituras baianas. Os equipamentos v\u00e3o ajudar na recupera\u00e7\u00e3o de estradas que ligam o campo \u00e0s cidades, beneficiando 203 mil agricultores. Dentre as m\u00e1quinas, est\u00e3o 41 motoniveladoras, 76 caminh\u00f5es-ca\u00e7amba e 111 p\u00e1s- carregadeiras. O investimento [&hellip;]<\/p>\n","protected":false},"author":2,"featured_media":0,"comment_status":"open","ping_status":"open","sticky":false,"template":"","format":"standard","meta":{"footnotes":"","_links_to":"","_links_to_target":""},"categories":[1],"tags":[],"class_list":["post-36504","post","type-post","status-publish","format-standard","hentry","category-geral"],"views":1551,"_links":{"self":[{"href":"https:\/\/www.sudoestehoje.com.br\/novoportal\/wp-json\/wp\/v2\/posts\/36504","targetHints":{"allow":["GET"]}}],"collection":[{"href":"https:\/\/www.sudoestehoje.com.br\/novoportal\/wp-json\/wp\/v2\/posts"}],"about":[{"href":"https:\/\/www.sudoestehoje.com.br\/novoportal\/wp-json\/wp\/v2\/types\/post"}],"author":[{"embeddable":true,"href":"https:\/\/www.sudoestehoje.com.br\/novoportal\/wp-json\/wp\/v2\/users\/2"}],"replies":[{"embeddable":true,"href":"https:\/\/www.sudoestehoje.com.br\/novoportal\/wp-json\/wp\/v2\/comments?post=36504"}],"version-history":[{"count":2,"href":"https:\/\/www.sudoestehoje.com.br\/novoportal\/wp-json\/wp\/v2\/posts\/36504\/revisions"}],"predecessor-version":[{"id":36507,"href":"https:\/\/www.sudoestehoje.com.br\/novoportal\/wp-json\/wp\/v2\/posts\/36504\/revisions\/36507"}],"wp:attachment":[{"href":"https:\/\/www.sudoestehoje.com.br\/novoportal\/wp-json\/wp\/v2\/media?parent=36504"}],"wp:term":[{"taxonomy":"category","embeddable":true,"href":"https:\/\/www.sudoestehoje.com.br\/novoportal\/wp-json\/wp\/v2\/categories?post=36504"},{"taxonomy":"post_tag","embeddable":true,"href":"https:\/\/www.sudoestehoje.com.br\/novoportal\/wp-json\/wp\/v2\/tags?post=36504"}],"curies":[{"name":"wp","href":"https:\/\/api.w.org\/{rel}","templated":true}]}}