
{"id":36501,"date":"2014-05-01T18:47:30","date_gmt":"2014-05-01T21:47:30","guid":{"rendered":"http:\/\/www.sudoestehoje.com.br\/novoportal\/?p=36501"},"modified":"2014-05-01T22:51:17","modified_gmt":"2014-05-02T01:51:17","slug":"itarantim-prefeitura-promove-festa-do-trabalhador-com-sorteio-de-premios","status":"publish","type":"post","link":"https:\/\/www.sudoestehoje.com.br\/novoportal\/2014\/05\/01\/itarantim-prefeitura-promove-festa-do-trabalhador-com-sorteio-de-premios\/","title":{"rendered":"ITARANTIM: PREFEITURA PROMOVE FESTA DO TRABALHADOR COM SORTEIO DE PR\u00caMIOS"},"content":{"rendered":"<p><a href=\"http:\/\/www.sudoestehoje.com.br\/novoportal\/wp-content\/uploads\/2014\/05\/dia-do-trabalhador-162.jpg\"><img loading=\"lazy\" decoding=\"async\" class=\"aligncenter size-medium wp-image-36502\" alt=\"dia do trabalhador 162\" src=\"http:\/\/www.sudoestehoje.com.br\/novoportal\/wp-content\/uploads\/2014\/05\/dia-do-trabalhador-162-500x373.jpg\" width=\"500\" height=\"373\" srcset=\"https:\/\/www.sudoestehoje.com.br\/novoportal\/wp-content\/uploads\/2014\/05\/dia-do-trabalhador-162-500x373.jpg 500w, https:\/\/www.sudoestehoje.com.br\/novoportal\/wp-content\/uploads\/2014\/05\/dia-do-trabalhador-162.jpg 640w\" sizes=\"auto, (max-width: 500px) 100vw, 500px\" \/><\/a><\/p>\n<p>O funcionalismo p\u00fablico municipal de Itarantim comemorou o &#8216;Dia do Trabalhador&#8217;, em grande estilo. A prefeitura organizou uma confraterniza\u00e7\u00e3o comemorativa para mais de 1 mil funcion\u00e1rios, no galp\u00e3o da Azal\u00e9ia, na noite desta quarta-feira (31), com m\u00fasica ao vivo e sorteio 40 presentes para o funcionalismo. Quem chegava ao local do evento, preenchia um cupom para participar do sorteio de pr\u00eamios.<\/p>\n<p><img decoding=\"async\" class=\"aligncenter\" alt=\"\" src=\"http:\/\/3.bp.blogspot.com\/-_9-Lbc1_vvU\/U2JHdQiiTnI\/AAAAAAAANF8\/RcDp-S2abAw\/s1600\/dia+do+trabalhador+010.jpg\" width=\"500\" \/><\/p>\n<p>Para o prefeito Paulo Fernandes (PSB), a festa do trabalhador representa o respeito que a administra\u00e7\u00e3o tem pelo funcionalismo, em todas as suas esferas, e marca a data para homenagear a todos os que fazem o servi\u00e7o p\u00fablico funcionar a contento em Itarantim.<\/p>\n<p><img decoding=\"async\" class=\"aligncenter\" alt=\"\" src=\"http:\/\/4.bp.blogspot.com\/-W0iNurYfVWk\/U2JI1bKOsrI\/AAAAAAAANGc\/vgymgvzirfM\/s1600\/dia+do+trabalhador+089.jpg\" width=\"500\" \/><\/p>\n<p>De forma emocionada, o prefeito Paulo Fernandes lembrou que a festa foi uma maneira de retribuir ao trabalho dos servidores, realizado todos anos. <em>\u201cRessaltamos a import\u00e2ncia e a colabora\u00e7\u00e3o do funcionalismo p\u00fablico para o desenvolvimento de Itarantim. Quero agradecer a todos os servidores pelo apoio, trabalho e dedica\u00e7\u00e3o para o bem do nosso munic\u00edpio\u201d,<\/em>\u00a0disse o prefeito em seu discurso.<\/p>\n<p><img decoding=\"async\" class=\"aligncenter\" alt=\"\" src=\"http:\/\/3.bp.blogspot.com\/-LBw5u0YwNXY\/U2JJ37UWALI\/AAAAAAAANGw\/KC29gcrYIa0\/s1600\/dia+do+trabalhador+095.jpg\" width=\"500\" \/><\/p>\n<p>Autoridades como o prefeito Dr. Paulo, a primeira-dama Meyre Fernandes, e os vereadores Dudu dos Tutas (PSD), Marcos Brito (PSB), Pedro Paulo (PRP), Jean Chaves(PSB) e, representado o vereador Dr Hilton(PMDB), a sua esposa Marlene Ribeiro, al\u00e9m de secret\u00e1rios e diretores municipais tamb\u00e9m se fizeram presentes. Informa\u00e7\u00f5es do Itarantim Agora<\/p>\n","protected":false},"excerpt":{"rendered":"<p>O funcionalismo p\u00fablico municipal de Itarantim comemorou o &#8216;Dia do Trabalhador&#8217;, em grande estilo. A prefeitura organizou uma confraterniza\u00e7\u00e3o comemorativa para mais de 1 mil funcion\u00e1rios, no galp\u00e3o da Azal\u00e9ia, na noite desta quarta-feira (31), com m\u00fasica ao vivo e sorteio 40 presentes para o funcionalismo. Quem chegava ao local do evento, preenchia um cupom [&hellip;]<\/p>\n","protected":false},"author":2,"featured_media":0,"comment_status":"open","ping_status":"open","sticky":false,"template":"","format":"standard","meta":{"footnotes":"","_links_to":"","_links_to_target":""},"categories":[1],"tags":[],"class_list":["post-36501","post","type-post","status-publish","format-standard","hentry","category-geral"],"views":1993,"_links":{"self":[{"href":"https:\/\/www.sudoestehoje.com.br\/novoportal\/wp-json\/wp\/v2\/posts\/36501","targetHints":{"allow":["GET"]}}],"collection":[{"href":"https:\/\/www.sudoestehoje.com.br\/novoportal\/wp-json\/wp\/v2\/posts"}],"about":[{"href":"https:\/\/www.sudoestehoje.com.br\/novoportal\/wp-json\/wp\/v2\/types\/post"}],"author":[{"embeddable":true,"href":"https:\/\/www.sudoestehoje.com.br\/novoportal\/wp-json\/wp\/v2\/users\/2"}],"replies":[{"embeddable":true,"href":"https:\/\/www.sudoestehoje.com.br\/novoportal\/wp-json\/wp\/v2\/comments?post=36501"}],"version-history":[{"count":4,"href":"https:\/\/www.sudoestehoje.com.br\/novoportal\/wp-json\/wp\/v2\/posts\/36501\/revisions"}],"predecessor-version":[{"id":36522,"href":"https:\/\/www.sudoestehoje.com.br\/novoportal\/wp-json\/wp\/v2\/posts\/36501\/revisions\/36522"}],"wp:attachment":[{"href":"https:\/\/www.sudoestehoje.com.br\/novoportal\/wp-json\/wp\/v2\/media?parent=36501"}],"wp:term":[{"taxonomy":"category","embeddable":true,"href":"https:\/\/www.sudoestehoje.com.br\/novoportal\/wp-json\/wp\/v2\/categories?post=36501"},{"taxonomy":"post_tag","embeddable":true,"href":"https:\/\/www.sudoestehoje.com.br\/novoportal\/wp-json\/wp\/v2\/tags?post=36501"}],"curies":[{"name":"wp","href":"https:\/\/api.w.org\/{rel}","templated":true}]}}