
{"id":36490,"date":"2014-05-01T17:22:25","date_gmt":"2014-05-01T20:22:25","guid":{"rendered":"http:\/\/www.sudoestehoje.com.br\/novoportal\/?p=36490"},"modified":"2014-05-01T17:23:09","modified_gmt":"2014-05-01T20:23:09","slug":"itapetinga-casa-e-destruida-po-incendio-no-bairro-clodoaldo","status":"publish","type":"post","link":"https:\/\/www.sudoestehoje.com.br\/novoportal\/2014\/05\/01\/itapetinga-casa-e-destruida-po-incendio-no-bairro-clodoaldo\/","title":{"rendered":"ITAPETINGA: CASA \u00c9 DESTRU\u00cdDA POR INC\u00caNDIO NO BAIRRO CLODOALDO"},"content":{"rendered":"<p style=\"text-align: center;\"><a href=\"http:\/\/www.sudoestehoje.com.br\/novoportal\/wp-content\/uploads\/2014\/05\/INCENDIO-1.jpg\"><img decoding=\"async\" class=\"aligncenter  wp-image-36491\" alt=\"INCENDIO 1\" src=\"http:\/\/www.sudoestehoje.com.br\/novoportal\/wp-content\/uploads\/2014\/05\/INCENDIO-1.jpg\" width=\"500\" \/><\/a><\/p>\n<p>Por volta das 14;00h\u00a0desta quinta-feira, 01 de maio, onde se comemora o dia do Trabalhador,\u00a0uma casa localizada na esquina da \u00a0pracinha do forr\u00f3, bairro Clodoaldo Costa, no munic\u00edpio de Itapetinga,\u00a0pegou fogo e ficou totalmente destru\u00edda.\u00a0De acordo com os moradores, a casa, de aproximadamente 20 metros quadrados, ficou completamente destru\u00edda e tomada pelas chamas, mas n\u00e3o houve feridos.<\/p>\n<p><a href=\"http:\/\/www.sudoestehoje.com.br\/novoportal\/wp-content\/uploads\/2014\/05\/INCEDIO.jpg\"><img loading=\"lazy\" decoding=\"async\" class=\"aligncenter size-medium wp-image-36493\" alt=\"INCEDIO\" src=\"http:\/\/www.sudoestehoje.com.br\/novoportal\/wp-content\/uploads\/2014\/05\/INCEDIO-500x331.jpg\" width=\"500\" height=\"331\" srcset=\"https:\/\/www.sudoestehoje.com.br\/novoportal\/wp-content\/uploads\/2014\/05\/INCEDIO-500x331.jpg 500w, https:\/\/www.sudoestehoje.com.br\/novoportal\/wp-content\/uploads\/2014\/05\/INCEDIO-700x463.jpg 700w, https:\/\/www.sudoestehoje.com.br\/novoportal\/wp-content\/uploads\/2014\/05\/INCEDIO.jpg 800w\" sizes=\"auto, (max-width: 500px) 100vw, 500px\" \/><\/a><\/p>\n<p>Os vizinhos pr\u00f3ximos \u00e0 resid\u00eancia ficaram assustados, e correram para a rua. \u201c<em>Pela quantidade de fuma\u00e7a aqui nos fundos, pensamos que as chamas chegariam em nossas casas<\/em>\u201d, contou um morador.\u00a0Apesar do esfor\u00e7o, os populares que estavam ajudando no momento do inc\u00eandio, n\u00e3o conseguiram retirar os bens, como a geladeira, computador, televis\u00e3o e outros pertences, antes do fogo tomar conta da resid\u00eancia. Toda documenta\u00e7\u00e3o do casal foi queimada.<\/p>\n<p><a href=\"http:\/\/www.sudoestehoje.com.br\/novoportal\/wp-content\/uploads\/2014\/05\/INCENDIO-4.jpg\"><img loading=\"lazy\" decoding=\"async\" class=\"aligncenter size-medium wp-image-36494\" alt=\"INCENDIO 4\" src=\"http:\/\/www.sudoestehoje.com.br\/novoportal\/wp-content\/uploads\/2014\/05\/INCENDIO-4-500x331.jpg\" width=\"500\" height=\"331\" srcset=\"https:\/\/www.sudoestehoje.com.br\/novoportal\/wp-content\/uploads\/2014\/05\/INCENDIO-4-500x331.jpg 500w, https:\/\/www.sudoestehoje.com.br\/novoportal\/wp-content\/uploads\/2014\/05\/INCENDIO-4-700x463.jpg 700w, https:\/\/www.sudoestehoje.com.br\/novoportal\/wp-content\/uploads\/2014\/05\/INCENDIO-4.jpg 800w\" sizes=\"auto, (max-width: 500px) 100vw, 500px\" \/><\/a><\/p>\n<p>Dois c\u00f4modos e o telhado da casa foram destru\u00eddos pelo inc\u00eandio, al\u00e9m dos m\u00f3veis e maquin\u00e1rio de um ateli\u00ea de costura, que funcionava na garagem da casa e que servia de sustento da fam\u00edlia. Segundo informa\u00e7\u00f5es, um dos propriet\u00e1rios estava na casa do vizinho ao lado, quando o fogo come\u00e7ou e a filha de aproximadamente 13 anos, estava dentro do quarto quando as chamas come\u00e7aram destruir tudo.<\/p>\n<p style=\"text-align: center;\"><a href=\"http:\/\/www.sudoestehoje.com.br\/novoportal\/wp-content\/uploads\/2014\/05\/INCENDIO-5.jpg\"><img decoding=\"async\" class=\"aligncenter  wp-image-36495\" alt=\"INCENDIO 5\" src=\"http:\/\/www.sudoestehoje.com.br\/novoportal\/wp-content\/uploads\/2014\/05\/INCENDIO-5.jpg\" width=\"500\" \/><\/a><\/p>\n<p>&nbsp;<\/p>\n<p>Vizinhos, amigos e pessoas que passavam no momento, ajudavam no resgate da crian\u00e7a, que n\u00e3o teve nenhum ferimento. As causas do inc\u00eandio ser\u00e3o averiguadas pela per\u00edcia t\u00e9cnica.\u00a0O que nos chama \u00e0 aten\u00e7\u00e3o \u00e9 que n\u00e3o tinha corpo de bombeiros na cidade, para atender \u00e0 emerg\u00eancia. <strong><em>G4TV (Gazinho)\u00a0<\/em><\/strong><\/p>\n","protected":false},"excerpt":{"rendered":"<p>Por volta das 14;00h\u00a0desta quinta-feira, 01 de maio, onde se comemora o dia do Trabalhador,\u00a0uma casa localizada na esquina da \u00a0pracinha do forr\u00f3, bairro Clodoaldo Costa, no munic\u00edpio de Itapetinga,\u00a0pegou fogo e ficou totalmente destru\u00edda.\u00a0De acordo com os moradores, a casa, de aproximadamente 20 metros quadrados, ficou completamente destru\u00edda e tomada pelas chamas, mas n\u00e3o [&hellip;]<\/p>\n","protected":false},"author":2,"featured_media":0,"comment_status":"open","ping_status":"open","sticky":false,"template":"","format":"standard","meta":{"footnotes":"","_links_to":"","_links_to_target":""},"categories":[1],"tags":[],"class_list":["post-36490","post","type-post","status-publish","format-standard","hentry","category-geral"],"views":1769,"_links":{"self":[{"href":"https:\/\/www.sudoestehoje.com.br\/novoportal\/wp-json\/wp\/v2\/posts\/36490","targetHints":{"allow":["GET"]}}],"collection":[{"href":"https:\/\/www.sudoestehoje.com.br\/novoportal\/wp-json\/wp\/v2\/posts"}],"about":[{"href":"https:\/\/www.sudoestehoje.com.br\/novoportal\/wp-json\/wp\/v2\/types\/post"}],"author":[{"embeddable":true,"href":"https:\/\/www.sudoestehoje.com.br\/novoportal\/wp-json\/wp\/v2\/users\/2"}],"replies":[{"embeddable":true,"href":"https:\/\/www.sudoestehoje.com.br\/novoportal\/wp-json\/wp\/v2\/comments?post=36490"}],"version-history":[{"count":2,"href":"https:\/\/www.sudoestehoje.com.br\/novoportal\/wp-json\/wp\/v2\/posts\/36490\/revisions"}],"predecessor-version":[{"id":36497,"href":"https:\/\/www.sudoestehoje.com.br\/novoportal\/wp-json\/wp\/v2\/posts\/36490\/revisions\/36497"}],"wp:attachment":[{"href":"https:\/\/www.sudoestehoje.com.br\/novoportal\/wp-json\/wp\/v2\/media?parent=36490"}],"wp:term":[{"taxonomy":"category","embeddable":true,"href":"https:\/\/www.sudoestehoje.com.br\/novoportal\/wp-json\/wp\/v2\/categories?post=36490"},{"taxonomy":"post_tag","embeddable":true,"href":"https:\/\/www.sudoestehoje.com.br\/novoportal\/wp-json\/wp\/v2\/tags?post=36490"}],"curies":[{"name":"wp","href":"https:\/\/api.w.org\/{rel}","templated":true}]}}