
{"id":36487,"date":"2014-05-01T16:54:11","date_gmt":"2014-05-01T19:54:11","guid":{"rendered":"http:\/\/www.sudoestehoje.com.br\/novoportal\/?p=36487"},"modified":"2014-05-01T16:54:11","modified_gmt":"2014-05-01T19:54:11","slug":"genoino-ja-esta-preso-na-papuda","status":"publish","type":"post","link":"https:\/\/www.sudoestehoje.com.br\/novoportal\/2014\/05\/01\/genoino-ja-esta-preso-na-papuda\/","title":{"rendered":"GENOINO J\u00c1 EST\u00c1 PRESO NA PAPUDA"},"content":{"rendered":"<p><a href=\"http:\/\/www.sudoestehoje.com.br\/novoportal\/wp-content\/uploads\/2014\/05\/JGenoino-se-entregando.jpg\"><img loading=\"lazy\" decoding=\"async\" class=\"aligncenter size-medium wp-image-36488\" alt=\"JGenoino-se-entregando\" src=\"http:\/\/www.sudoestehoje.com.br\/novoportal\/wp-content\/uploads\/2014\/05\/JGenoino-se-entregando-500x281.jpg\" width=\"500\" height=\"281\" srcset=\"https:\/\/www.sudoestehoje.com.br\/novoportal\/wp-content\/uploads\/2014\/05\/JGenoino-se-entregando-500x281.jpg 500w, https:\/\/www.sudoestehoje.com.br\/novoportal\/wp-content\/uploads\/2014\/05\/JGenoino-se-entregando.jpg 597w\" sizes=\"auto, (max-width: 500px) 100vw, 500px\" \/><\/a><\/p>\n<p>Ap\u00f3s o presidente do Supremo Tribunal Federal (STF) Joaquim Barbosa emitir nesta quarta-feira (30)\u00a0<a href=\"https:\/\/www.google.com.br\/search?q=site%3Awww.bahianoticias.com.br+genoino+barbosa+24+horas&amp;oq=site%3Awww.bahianoticias.com.br+genoino+barbosa+24+horas&amp;aqs=chrome..69i57j69i58.8465j0j1&amp;sourceid=chrome&amp;es_sm=93&amp;ie=UTF-8\" target=\"_blank\"><strong>ordem para que o ex-deputado federal Jos\u00e9 Genoino se apresentasse ao Complexo Penitenci\u00e1rio da Papuda em 24 horas<\/strong><\/a>, o petista foi ao Centro de Internamento e Reeduca\u00e7\u00e3o do pres\u00eddio e se entregou. Segundo informa\u00e7\u00f5es do jornal O Estado de S\u00e3o Paulo, ele chegou \u00e0 unidade por volta das 15 horas, acompanhado de seu advogado Cl\u00e1udio Alencar e de seu cardiologista, Geniberto Campos. At\u00e9 se apresentar, Genoino ficou em sua casa, em um condom\u00ednio fechado em Bras\u00edlia, acompanhado de familiares, como filhos e o irm\u00e3o, o deputado federal Jos\u00e9 Guimar\u00e3es (PT-CE). O petista, condenado no processo do mensal\u00e3o a quatro anos e oito meses de pris\u00e3o, cumpre a pena em regime domiciliar provis\u00f3rio desde novembro do ano passado.<\/p>\n","protected":false},"excerpt":{"rendered":"<p>Ap\u00f3s o presidente do Supremo Tribunal Federal (STF) Joaquim Barbosa emitir nesta quarta-feira (30)\u00a0ordem para que o ex-deputado federal Jos\u00e9 Genoino se apresentasse ao Complexo Penitenci\u00e1rio da Papuda em 24 horas, o petista foi ao Centro de Internamento e Reeduca\u00e7\u00e3o do pres\u00eddio e se entregou. Segundo informa\u00e7\u00f5es do jornal O Estado de S\u00e3o Paulo, ele [&hellip;]<\/p>\n","protected":false},"author":2,"featured_media":0,"comment_status":"open","ping_status":"open","sticky":false,"template":"","format":"standard","meta":{"footnotes":"","_links_to":"","_links_to_target":""},"categories":[1],"tags":[],"class_list":["post-36487","post","type-post","status-publish","format-standard","hentry","category-geral"],"views":1264,"_links":{"self":[{"href":"https:\/\/www.sudoestehoje.com.br\/novoportal\/wp-json\/wp\/v2\/posts\/36487","targetHints":{"allow":["GET"]}}],"collection":[{"href":"https:\/\/www.sudoestehoje.com.br\/novoportal\/wp-json\/wp\/v2\/posts"}],"about":[{"href":"https:\/\/www.sudoestehoje.com.br\/novoportal\/wp-json\/wp\/v2\/types\/post"}],"author":[{"embeddable":true,"href":"https:\/\/www.sudoestehoje.com.br\/novoportal\/wp-json\/wp\/v2\/users\/2"}],"replies":[{"embeddable":true,"href":"https:\/\/www.sudoestehoje.com.br\/novoportal\/wp-json\/wp\/v2\/comments?post=36487"}],"version-history":[{"count":1,"href":"https:\/\/www.sudoestehoje.com.br\/novoportal\/wp-json\/wp\/v2\/posts\/36487\/revisions"}],"predecessor-version":[{"id":36489,"href":"https:\/\/www.sudoestehoje.com.br\/novoportal\/wp-json\/wp\/v2\/posts\/36487\/revisions\/36489"}],"wp:attachment":[{"href":"https:\/\/www.sudoestehoje.com.br\/novoportal\/wp-json\/wp\/v2\/media?parent=36487"}],"wp:term":[{"taxonomy":"category","embeddable":true,"href":"https:\/\/www.sudoestehoje.com.br\/novoportal\/wp-json\/wp\/v2\/categories?post=36487"},{"taxonomy":"post_tag","embeddable":true,"href":"https:\/\/www.sudoestehoje.com.br\/novoportal\/wp-json\/wp\/v2\/tags?post=36487"}],"curies":[{"name":"wp","href":"https:\/\/api.w.org\/{rel}","templated":true}]}}