
{"id":36477,"date":"2014-04-30T18:14:21","date_gmt":"2014-04-30T21:14:21","guid":{"rendered":"http:\/\/www.sudoestehoje.com.br\/novoportal\/?p=36477"},"modified":"2014-04-30T18:14:21","modified_gmt":"2014-04-30T21:14:21","slug":"ministro-joaquim-barbosa-manda-genoino-de-volta-para-a-prisao","status":"publish","type":"post","link":"https:\/\/www.sudoestehoje.com.br\/novoportal\/2014\/04\/30\/ministro-joaquim-barbosa-manda-genoino-de-volta-para-a-prisao\/","title":{"rendered":"MINISTRO JOAQUIM BARBOSA MANDA GENOINO DE VOLTA PARA A PRIS\u00c3O"},"content":{"rendered":"<p><a href=\"http:\/\/www.sudoestehoje.com.br\/novoportal\/wp-content\/uploads\/2014\/04\/genoino.jpg\"><img loading=\"lazy\" decoding=\"async\" class=\"size-full wp-image-36478 alignleft\" alt=\"JOSE GENOINO\/HOSPITAL\" src=\"http:\/\/www.sudoestehoje.com.br\/novoportal\/wp-content\/uploads\/2014\/04\/genoino.jpg\" width=\"292\" height=\"280\" \/><\/a><\/p>\n<p>Bras\u00edlia &#8211; O presidente do Supremo Tribunal Federal (STF), ministro Joaquim Barbosa, determinou na tarde desta quarta-feira, 30, que o ex-deputado federal Jos\u00e9 Genoino volte a cumprir pena em uma penitenci\u00e1ria de Bras\u00edlia. Genoino est\u00e1 em pris\u00e3o domiciliar desde o final de novembro, quando reclamou de problemas card\u00edacos e foi transferido do Complexo Penitenci\u00e1rio da Papuda para um hospital e depois para pris\u00e3o domiciliar.<\/p>\n<p>Barbosa tomou a decis\u00e3o dois dias depois de ter recebido\u00a0<strong><a href=\"http:\/\/www.estadao.com.br\/noticias\/nacional,laudo-medico-afirma-que-saude-de-genoino-esta-estabilizada,1159730,0.htm\">um laudo<\/a><\/strong>\u00a0no qual m\u00e9dicos da Universidade de Bras\u00edlia (UnB) afirmaram que o quadro de sa\u00fade do ex-deputado \u00e9 est\u00e1vel e n\u00e3o \u00e9 grave. Genoino passou por uma cirurgia card\u00edaca para corre\u00e7\u00e3o da art\u00e9ria aorta no final de julho do ano passado.<\/p>\n<p>Preso\u00a0dentro do processo do mensal\u00e3o, o ex-presidente do PT foi conduzido inicialmente ao Complexo da Papuda mas, ap\u00f3s se sentir mal, foi autorizado a cumprir pena em pris\u00e3o domiciliar.<\/p>\n<p>Genoino foi condenado\u00a0\u00e0 pena de 4 anos e 8 meses, que deve ser cumprida no regime semiaberto. Nesse regime, o preso pode sair da cadeia durante o dia para trabalhar, mas precisa retornar para dormir na pris\u00e3o. O trabalho tem de ser autorizado pelo Judici\u00e1rio.<\/p>\n","protected":false},"excerpt":{"rendered":"<p>Bras\u00edlia &#8211; O presidente do Supremo Tribunal Federal (STF), ministro Joaquim Barbosa, determinou na tarde desta quarta-feira, 30, que o ex-deputado federal Jos\u00e9 Genoino volte a cumprir pena em uma penitenci\u00e1ria de Bras\u00edlia. Genoino est\u00e1 em pris\u00e3o domiciliar desde o final de novembro, quando reclamou de problemas card\u00edacos e foi transferido do Complexo Penitenci\u00e1rio da [&hellip;]<\/p>\n","protected":false},"author":2,"featured_media":0,"comment_status":"open","ping_status":"open","sticky":false,"template":"","format":"standard","meta":{"footnotes":"","_links_to":"","_links_to_target":""},"categories":[1],"tags":[],"class_list":["post-36477","post","type-post","status-publish","format-standard","hentry","category-geral"],"views":1378,"_links":{"self":[{"href":"https:\/\/www.sudoestehoje.com.br\/novoportal\/wp-json\/wp\/v2\/posts\/36477","targetHints":{"allow":["GET"]}}],"collection":[{"href":"https:\/\/www.sudoestehoje.com.br\/novoportal\/wp-json\/wp\/v2\/posts"}],"about":[{"href":"https:\/\/www.sudoestehoje.com.br\/novoportal\/wp-json\/wp\/v2\/types\/post"}],"author":[{"embeddable":true,"href":"https:\/\/www.sudoestehoje.com.br\/novoportal\/wp-json\/wp\/v2\/users\/2"}],"replies":[{"embeddable":true,"href":"https:\/\/www.sudoestehoje.com.br\/novoportal\/wp-json\/wp\/v2\/comments?post=36477"}],"version-history":[{"count":1,"href":"https:\/\/www.sudoestehoje.com.br\/novoportal\/wp-json\/wp\/v2\/posts\/36477\/revisions"}],"predecessor-version":[{"id":36479,"href":"https:\/\/www.sudoestehoje.com.br\/novoportal\/wp-json\/wp\/v2\/posts\/36477\/revisions\/36479"}],"wp:attachment":[{"href":"https:\/\/www.sudoestehoje.com.br\/novoportal\/wp-json\/wp\/v2\/media?parent=36477"}],"wp:term":[{"taxonomy":"category","embeddable":true,"href":"https:\/\/www.sudoestehoje.com.br\/novoportal\/wp-json\/wp\/v2\/categories?post=36477"},{"taxonomy":"post_tag","embeddable":true,"href":"https:\/\/www.sudoestehoje.com.br\/novoportal\/wp-json\/wp\/v2\/tags?post=36477"}],"curies":[{"name":"wp","href":"https:\/\/api.w.org\/{rel}","templated":true}]}}