
{"id":36468,"date":"2014-04-30T17:22:29","date_gmt":"2014-04-30T20:22:29","guid":{"rendered":"http:\/\/www.sudoestehoje.com.br\/novoportal\/?p=36468"},"modified":"2014-04-30T17:22:29","modified_gmt":"2014-04-30T20:22:29","slug":"44a-exposicao-agropecuaria-promete-movimentar-mais-de-r-20-milhoes","status":"publish","type":"post","link":"https:\/\/www.sudoestehoje.com.br\/novoportal\/2014\/04\/30\/44a-exposicao-agropecuaria-promete-movimentar-mais-de-r-20-milhoes\/","title":{"rendered":"44\u00aa EXPOSI\u00c7\u00c3O AGROPECU\u00c1RIA PROMETE MOVIMENTAR MAIS DE R$ 20 MILH\u00d5ES"},"content":{"rendered":"<p style=\"text-align: center;\"><a href=\"http:\/\/www.sudoestehoje.com.br\/novoportal\/wp-content\/uploads\/2014\/04\/adriano.jpg\"><img decoding=\"async\" class=\"aligncenter  wp-image-36469\" alt=\"adriano\" src=\"http:\/\/www.sudoestehoje.com.br\/novoportal\/wp-content\/uploads\/2014\/04\/adriano.jpg\" width=\"450\" \/><\/a><\/p>\n<p>ITAPETINGA: Acontece no per\u00edodo de 13 a 18 de maio a 44\u00aa Exposi\u00e7\u00e3o Agropecu\u00e1ria de Itapetinga, uma das mais tradicionais da regi\u00e3o Sudoeste. Em entrevista a nossa reportagem, o presidente do sindicato rural da cidade, Adriano Alc\u00e2ntara, revelou que a expectativa \u00e9 de que o evento movimente mais de R$20 milh\u00f5es.<\/p>\n<p><em>\u201cEstamos com um grande otimismo, j\u00e1 que ano passado cumprimos as expectativas de neg\u00f3cios e esse ano o valor deve aumentar em virtude, principalmente, dos animais e o n\u00famero de leil\u00f5es, que aumentou de 3 para 5 e isso ajuda a impulsionar o evento. Al\u00e9m disso, teremos shows com o cantor Pablo, bastante conhecido em todo o pa\u00eds, e a dupla Edu &amp; Maraial. Aproveito a oportunidade para convidar toda a popula\u00e7\u00e3o da regi\u00e3o a prestigiar a nossa Exposi\u00e7\u00e3o\u201d<\/em>, disse Adriano. Blog do Rodrigo Ferraz<\/p>\n<p style=\"text-align: center;\"><img decoding=\"async\" class=\"aligncenter\" alt=\"shows exposi\u00e7\u00e3o - pablo do arrocha\" src=\"http:\/\/www.sudoestehoje.com.br\/novoportal\/wp-content\/uploads\/2014\/04\/shows-exposi%C3%A7%C3%A3o-pablo-do-arrocha-500x500.jpg\" width=\"450\" \/><\/p>\n","protected":false},"excerpt":{"rendered":"<p>ITAPETINGA: Acontece no per\u00edodo de 13 a 18 de maio a 44\u00aa Exposi\u00e7\u00e3o Agropecu\u00e1ria de Itapetinga, uma das mais tradicionais da regi\u00e3o Sudoeste. Em entrevista a nossa reportagem, o presidente do sindicato rural da cidade, Adriano Alc\u00e2ntara, revelou que a expectativa \u00e9 de que o evento movimente mais de R$20 milh\u00f5es. \u201cEstamos com um grande [&hellip;]<\/p>\n","protected":false},"author":2,"featured_media":0,"comment_status":"open","ping_status":"open","sticky":false,"template":"","format":"standard","meta":{"footnotes":"","_links_to":"","_links_to_target":""},"categories":[1],"tags":[],"class_list":["post-36468","post","type-post","status-publish","format-standard","hentry","category-geral"],"views":1305,"_links":{"self":[{"href":"https:\/\/www.sudoestehoje.com.br\/novoportal\/wp-json\/wp\/v2\/posts\/36468","targetHints":{"allow":["GET"]}}],"collection":[{"href":"https:\/\/www.sudoestehoje.com.br\/novoportal\/wp-json\/wp\/v2\/posts"}],"about":[{"href":"https:\/\/www.sudoestehoje.com.br\/novoportal\/wp-json\/wp\/v2\/types\/post"}],"author":[{"embeddable":true,"href":"https:\/\/www.sudoestehoje.com.br\/novoportal\/wp-json\/wp\/v2\/users\/2"}],"replies":[{"embeddable":true,"href":"https:\/\/www.sudoestehoje.com.br\/novoportal\/wp-json\/wp\/v2\/comments?post=36468"}],"version-history":[{"count":2,"href":"https:\/\/www.sudoestehoje.com.br\/novoportal\/wp-json\/wp\/v2\/posts\/36468\/revisions"}],"predecessor-version":[{"id":36471,"href":"https:\/\/www.sudoestehoje.com.br\/novoportal\/wp-json\/wp\/v2\/posts\/36468\/revisions\/36471"}],"wp:attachment":[{"href":"https:\/\/www.sudoestehoje.com.br\/novoportal\/wp-json\/wp\/v2\/media?parent=36468"}],"wp:term":[{"taxonomy":"category","embeddable":true,"href":"https:\/\/www.sudoestehoje.com.br\/novoportal\/wp-json\/wp\/v2\/categories?post=36468"},{"taxonomy":"post_tag","embeddable":true,"href":"https:\/\/www.sudoestehoje.com.br\/novoportal\/wp-json\/wp\/v2\/tags?post=36468"}],"curies":[{"name":"wp","href":"https:\/\/api.w.org\/{rel}","templated":true}]}}