
{"id":36461,"date":"2014-04-30T12:31:50","date_gmt":"2014-04-30T15:31:50","guid":{"rendered":"http:\/\/www.sudoestehoje.com.br\/novoportal\/?p=36461"},"modified":"2014-04-30T16:50:40","modified_gmt":"2014-04-30T19:50:40","slug":"sessao-especial-da-camara-discute-os-50-anos-do-golpe-de-64","status":"publish","type":"post","link":"https:\/\/www.sudoestehoje.com.br\/novoportal\/2014\/04\/30\/sessao-especial-da-camara-discute-os-50-anos-do-golpe-de-64\/","title":{"rendered":"SESS\u00c3O ESPECIAL DA C\u00c2MARA DISCUTE OS 50 ANOS DO GOLPE DE 64"},"content":{"rendered":"<p><a href=\"http:\/\/www.sudoestehoje.com.br\/novoportal\/wp-content\/uploads\/2014\/04\/ditadura_convite.jpg\"><img loading=\"lazy\" decoding=\"async\" class=\"aligncenter size-medium wp-image-36466\" alt=\"ditadura_convite\" src=\"http:\/\/www.sudoestehoje.com.br\/novoportal\/wp-content\/uploads\/2014\/04\/ditadura_convite-500x317.jpg\" width=\"500\" height=\"317\" srcset=\"https:\/\/www.sudoestehoje.com.br\/novoportal\/wp-content\/uploads\/2014\/04\/ditadura_convite-500x317.jpg 500w, https:\/\/www.sudoestehoje.com.br\/novoportal\/wp-content\/uploads\/2014\/04\/ditadura_convite.jpg 640w\" sizes=\"auto, (max-width: 500px) 100vw, 500px\" \/><\/a><\/p>\n<p>Por indica\u00e7\u00e3o do vereador Renan Coelho (PCdoB), a C\u00e2mara de Vereadores de Itapetinga realiza sess\u00e3o especial nesta quarta-feira (30), para discutir os 50 anos da ditadura civil militar de 1964. O objetivo, segundo o vereador Renan, \u00e9 que a juventude debata sobre o assunto e tome conhecimento desse per\u00edodo negro de nossa hist\u00f3ria, para que tal fato n\u00e3o se repita na sociedade atual. O palestrante principal do debate ser\u00e1 o ex-deputado estadual Luiz Nova, que vivenciou o per\u00edodo da ditadura militar, como estudante e militante dos movimentos de esquerda, p\u00f3s 64. A Sess\u00e3o Especial ter\u00e1 in\u00edcio \u00e0s 19:30h, na C\u00e2mara Municipal de Itapetinga.<\/p>\n","protected":false},"excerpt":{"rendered":"<p>Por indica\u00e7\u00e3o do vereador Renan Coelho (PCdoB), a C\u00e2mara de Vereadores de Itapetinga realiza sess\u00e3o especial nesta quarta-feira (30), para discutir os 50 anos da ditadura civil militar de 1964. O objetivo, segundo o vereador Renan, \u00e9 que a juventude debata sobre o assunto e tome conhecimento desse per\u00edodo negro de nossa hist\u00f3ria, para que [&hellip;]<\/p>\n","protected":false},"author":2,"featured_media":0,"comment_status":"open","ping_status":"open","sticky":false,"template":"","format":"standard","meta":{"footnotes":"","_links_to":"","_links_to_target":""},"categories":[1],"tags":[],"class_list":["post-36461","post","type-post","status-publish","format-standard","hentry","category-geral"],"views":1540,"_links":{"self":[{"href":"https:\/\/www.sudoestehoje.com.br\/novoportal\/wp-json\/wp\/v2\/posts\/36461","targetHints":{"allow":["GET"]}}],"collection":[{"href":"https:\/\/www.sudoestehoje.com.br\/novoportal\/wp-json\/wp\/v2\/posts"}],"about":[{"href":"https:\/\/www.sudoestehoje.com.br\/novoportal\/wp-json\/wp\/v2\/types\/post"}],"author":[{"embeddable":true,"href":"https:\/\/www.sudoestehoje.com.br\/novoportal\/wp-json\/wp\/v2\/users\/2"}],"replies":[{"embeddable":true,"href":"https:\/\/www.sudoestehoje.com.br\/novoportal\/wp-json\/wp\/v2\/comments?post=36461"}],"version-history":[{"count":4,"href":"https:\/\/www.sudoestehoje.com.br\/novoportal\/wp-json\/wp\/v2\/posts\/36461\/revisions"}],"predecessor-version":[{"id":36467,"href":"https:\/\/www.sudoestehoje.com.br\/novoportal\/wp-json\/wp\/v2\/posts\/36461\/revisions\/36467"}],"wp:attachment":[{"href":"https:\/\/www.sudoestehoje.com.br\/novoportal\/wp-json\/wp\/v2\/media?parent=36461"}],"wp:term":[{"taxonomy":"category","embeddable":true,"href":"https:\/\/www.sudoestehoje.com.br\/novoportal\/wp-json\/wp\/v2\/categories?post=36461"},{"taxonomy":"post_tag","embeddable":true,"href":"https:\/\/www.sudoestehoje.com.br\/novoportal\/wp-json\/wp\/v2\/tags?post=36461"}],"curies":[{"name":"wp","href":"https:\/\/api.w.org\/{rel}","templated":true}]}}