
{"id":36450,"date":"2014-04-29T21:41:49","date_gmt":"2014-04-30T00:41:49","guid":{"rendered":"http:\/\/www.sudoestehoje.com.br\/novoportal\/?p=36450"},"modified":"2014-04-29T21:49:45","modified_gmt":"2014-04-30T00:49:45","slug":"rosemberg-e-barrado-em-evento-de-dilma-em-feira-de-santana","status":"publish","type":"post","link":"https:\/\/www.sudoestehoje.com.br\/novoportal\/2014\/04\/29\/rosemberg-e-barrado-em-evento-de-dilma-em-feira-de-santana\/","title":{"rendered":"ROSEMBERG \u00c9 BARRADO EM EVENTO DE DILMA EM FEIRA DE SANTANA"},"content":{"rendered":"<div id=\"attachment_36451\" style=\"width: 510px\" class=\"wp-caption aligncenter\"><a href=\"http:\/\/www.sudoestehoje.com.br\/novoportal\/wp-content\/uploads\/2014\/04\/ROSEMBERG-BARRADO.jpg\"><img loading=\"lazy\" decoding=\"async\" aria-describedby=\"caption-attachment-36451\" class=\"size-medium wp-image-36451\" alt=\"De dentro do cercado reservado aos prefeitos, Z\u00e9 Carlos Moura tenta acalmar Rosemberg, que amea\u00e7ava pular a cerca. Foto Boc\u00e3o News\" src=\"http:\/\/www.sudoestehoje.com.br\/novoportal\/wp-content\/uploads\/2014\/04\/ROSEMBERG-BARRADO-500x375.jpg\" width=\"500\" height=\"375\" srcset=\"https:\/\/www.sudoestehoje.com.br\/novoportal\/wp-content\/uploads\/2014\/04\/ROSEMBERG-BARRADO-500x375.jpg 500w, https:\/\/www.sudoestehoje.com.br\/novoportal\/wp-content\/uploads\/2014\/04\/ROSEMBERG-BARRADO-700x525.jpg 700w, https:\/\/www.sudoestehoje.com.br\/novoportal\/wp-content\/uploads\/2014\/04\/ROSEMBERG-BARRADO.jpg 800w\" sizes=\"auto, (max-width: 500px) 100vw, 500px\" \/><\/a><p id=\"caption-attachment-36451\" class=\"wp-caption-text\">De dentro do cercado reservado aos prefeitos, Z\u00e9 Carlos Moura tentou acalmar Rosemberg, que amea\u00e7ava pular a cerca. Foto Boc\u00e3o News<\/p><\/div>\n<p align=\"left\">Alguns deputados baianos foram barrados pela equipe de seguran\u00e7a da Presid\u00eancia da Rep\u00fablica, na cerim\u00f4nia realizada na manh\u00e3 desta ter\u00e7a-feira (29), em Feira de Santana, na manh\u00e3 desta ter\u00e7a-feira. Um rep\u00f3rter encontrou o grupo de parlamentares que tiveram o acesso negado no evento, que contou com a participa\u00e7\u00e3o da presidente Dilma Rousseff e o do governador Jaques Wagner.<\/p>\n<p>A deputada estadual Ivana Bastos, do PSD, base do governo, lamentou o transtorno e falta de comunica\u00e7\u00e3o. \u201c\u00c9 isso que d\u00e1 colocar gente de fora para organizar esses eventos. J\u00e1 fomos barrados l\u00e1 fora. Tivemos que descer dos carros e vir andando. Agora aqui&#8221;, bradou a parlamentar que se posicionou no espa\u00e7o reservado para os prefeitos.<\/p>\n<p>N\u00e3o apenas Bastos passou por constrangimentos. Liderado por Rosemberg Pinto (PT), a comitiva entrou em atrito com alguns seguran\u00e7as e o clima, por determinado momento, foi tenso.\u00a0Ivana Bastos, Rosemberg Pinto, Nusa Cadores (PT) e Tim\u00f3teo Brito (PSD). Outra reclama\u00e7\u00e3o dos parlamentares foi a falta de cadeiras dispon\u00edveis o que obrigou boa parte do grupo a permanecer durante a cerim\u00f4nia em p\u00e9.<\/p>\n<p>A presidente est\u00e1 em Feira de Santana para entregar m\u00e1quinas a 193 prefeituras, cisternas para munic\u00edpios do semi\u00e1rido e inaugurar empreendimentos do programa Minha Casa, Minha Vida.<\/p>\n<p>Se at\u00e9 os deputados foram barrados, imaginem a comitiva de vereadores de Itapetinga que se deslocou at\u00e9 Feira, para &#8216;participar&#8217; do evento&#8230;<\/p>\n<p><strong><em>Por Davi Ferraz<\/em><\/strong><\/p>\n","protected":false},"excerpt":{"rendered":"<p>Alguns deputados baianos foram barrados pela equipe de seguran\u00e7a da Presid\u00eancia da Rep\u00fablica, na cerim\u00f4nia realizada na manh\u00e3 desta ter\u00e7a-feira (29), em Feira de Santana, na manh\u00e3 desta ter\u00e7a-feira. Um rep\u00f3rter encontrou o grupo de parlamentares que tiveram o acesso negado no evento, que contou com a participa\u00e7\u00e3o da presidente Dilma Rousseff e o do [&hellip;]<\/p>\n","protected":false},"author":2,"featured_media":0,"comment_status":"open","ping_status":"open","sticky":false,"template":"","format":"standard","meta":{"footnotes":"","_links_to":"","_links_to_target":""},"categories":[1],"tags":[],"class_list":["post-36450","post","type-post","status-publish","format-standard","hentry","category-geral"],"views":1629,"_links":{"self":[{"href":"https:\/\/www.sudoestehoje.com.br\/novoportal\/wp-json\/wp\/v2\/posts\/36450","targetHints":{"allow":["GET"]}}],"collection":[{"href":"https:\/\/www.sudoestehoje.com.br\/novoportal\/wp-json\/wp\/v2\/posts"}],"about":[{"href":"https:\/\/www.sudoestehoje.com.br\/novoportal\/wp-json\/wp\/v2\/types\/post"}],"author":[{"embeddable":true,"href":"https:\/\/www.sudoestehoje.com.br\/novoportal\/wp-json\/wp\/v2\/users\/2"}],"replies":[{"embeddable":true,"href":"https:\/\/www.sudoestehoje.com.br\/novoportal\/wp-json\/wp\/v2\/comments?post=36450"}],"version-history":[{"count":4,"href":"https:\/\/www.sudoestehoje.com.br\/novoportal\/wp-json\/wp\/v2\/posts\/36450\/revisions"}],"predecessor-version":[{"id":36455,"href":"https:\/\/www.sudoestehoje.com.br\/novoportal\/wp-json\/wp\/v2\/posts\/36450\/revisions\/36455"}],"wp:attachment":[{"href":"https:\/\/www.sudoestehoje.com.br\/novoportal\/wp-json\/wp\/v2\/media?parent=36450"}],"wp:term":[{"taxonomy":"category","embeddable":true,"href":"https:\/\/www.sudoestehoje.com.br\/novoportal\/wp-json\/wp\/v2\/categories?post=36450"},{"taxonomy":"post_tag","embeddable":true,"href":"https:\/\/www.sudoestehoje.com.br\/novoportal\/wp-json\/wp\/v2\/tags?post=36450"}],"curies":[{"name":"wp","href":"https:\/\/api.w.org\/{rel}","templated":true}]}}