
{"id":36437,"date":"2014-05-01T22:10:13","date_gmt":"2014-05-02T01:10:13","guid":{"rendered":"http:\/\/www.sudoestehoje.com.br\/novoportal\/?p=36437"},"modified":"2014-05-02T13:25:00","modified_gmt":"2014-05-02T16:25:00","slug":"prefeito-junior-mendes-de-caatiba-recebe-pa-carregadeira-das-maos-da-presidente-dilma-rousseff","status":"publish","type":"post","link":"https:\/\/www.sudoestehoje.com.br\/novoportal\/2014\/05\/01\/prefeito-junior-mendes-de-caatiba-recebe-pa-carregadeira-das-maos-da-presidente-dilma-rousseff\/","title":{"rendered":"PREFEITO JUNIOR MENDES DE CAATIBA RECEBE P\u00c1 CARREGADEIRA DAS M\u00c3OS DA PRESIDENTE DILMA ROUSSEFF"},"content":{"rendered":"<p><a href=\"http:\/\/www.sudoestehoje.com.br\/novoportal\/wp-content\/uploads\/2014\/04\/caatiba-junior-e-dilma.jpg\"><img loading=\"lazy\" decoding=\"async\" class=\"aligncenter size-medium wp-image-36442\" alt=\"caatiba - junior e dilma\" src=\"http:\/\/www.sudoestehoje.com.br\/novoportal\/wp-content\/uploads\/2014\/04\/caatiba-junior-e-dilma-500x255.jpg\" width=\"500\" height=\"255\" srcset=\"https:\/\/www.sudoestehoje.com.br\/novoportal\/wp-content\/uploads\/2014\/04\/caatiba-junior-e-dilma-500x255.jpg 500w, https:\/\/www.sudoestehoje.com.br\/novoportal\/wp-content\/uploads\/2014\/04\/caatiba-junior-e-dilma-700x357.jpg 700w, https:\/\/www.sudoestehoje.com.br\/novoportal\/wp-content\/uploads\/2014\/04\/caatiba-junior-e-dilma.jpg 949w\" sizes=\"auto, (max-width: 500px) 100vw, 500px\" \/><\/a><\/p>\n<p>O prefeito de Caatiba, J\u00fanior Mendes, acompanhado de sua comitiva formada pelo\u00a0ex-prefeito Valdo Mendes, Graciano, vereadores Mirinho, Carlinhos, Ronaldo, Vanderlan e Nailson ( Nai), presidente da C\u00e2mara de Vereadores,\u00a0recebeu das m\u00e3os da presidente Dilma Rousseff,\u00a0na manh\u00e3 desta ter\u00e7a-feira (29), em Feira de Santana,\u00a0a chave de uma P\u00e1 Carregadeira, adquirida pelo Minist\u00e9rio do Desenvolvimento Agr\u00e1rio \u2013 MDA, atrav\u00e9s do Programa de Acelera\u00e7\u00e3o do Crescimento ( PAC 2), do Governo Federal e doada ao munic\u00edpio.<\/p>\n<p><a href=\"http:\/\/www.sudoestehoje.com.br\/novoportal\/wp-content\/uploads\/2014\/04\/caatiba-pac.jpg\"><img loading=\"lazy\" decoding=\"async\" class=\"aligncenter size-medium wp-image-36443\" alt=\"caatiba - pac\" src=\"http:\/\/www.sudoestehoje.com.br\/novoportal\/wp-content\/uploads\/2014\/04\/caatiba-pac-500x330.jpg\" width=\"500\" height=\"330\" srcset=\"https:\/\/www.sudoestehoje.com.br\/novoportal\/wp-content\/uploads\/2014\/04\/caatiba-pac-500x330.jpg 500w, https:\/\/www.sudoestehoje.com.br\/novoportal\/wp-content\/uploads\/2014\/04\/caatiba-pac-700x462.jpg 700w, https:\/\/www.sudoestehoje.com.br\/novoportal\/wp-content\/uploads\/2014\/04\/caatiba-pac.jpg 951w\" sizes=\"auto, (max-width: 500px) 100vw, 500px\" \/><\/a><\/p>\n<p>A presidente Dilma agradeceu a presen\u00e7a massiva de todos e disse que os prefeitos e prefeitas do Brasil s\u00e3o elos important\u00edssimos da corrente que leva o pa\u00eds para frente. \u201c<em>N\u00f3s somos aqueles que convivem entre si de uma forma muito harm\u00f4nica, n\u00e3o temos guerras, n\u00e3o temos lutas \u00e9tnicas, vivemos em paz com nossos vizinhos, n\u00e3o somos iguais a certas regi\u00f5es do mundo que vivem numa guerra. Temos que nos unir para crescer ainda mais<\/em>.\u201d concluiu a Presidente.<\/p>\n<p><a href=\"http:\/\/www.sudoestehoje.com.br\/novoportal\/wp-content\/uploads\/2014\/04\/caatiba-dilma.jpg\"><img loading=\"lazy\" decoding=\"async\" class=\"aligncenter size-medium wp-image-36444\" alt=\"caatiba - dilma\" src=\"http:\/\/www.sudoestehoje.com.br\/novoportal\/wp-content\/uploads\/2014\/04\/caatiba-dilma-500x351.jpg\" width=\"500\" height=\"351\" srcset=\"https:\/\/www.sudoestehoje.com.br\/novoportal\/wp-content\/uploads\/2014\/04\/caatiba-dilma-500x351.jpg 500w, https:\/\/www.sudoestehoje.com.br\/novoportal\/wp-content\/uploads\/2014\/04\/caatiba-dilma.jpg 554w\" sizes=\"auto, (max-width: 500px) 100vw, 500px\" \/><\/a><\/p>\n<p>De acordo com a Assessoria de Comunica\u00e7\u00e3o da prefeitura, o prefeito Junior expressou toda a sua satisfa\u00e7\u00e3o, declarando: \u201c<em>Com mais essa m\u00e1quina a administra\u00e7\u00e3o municipal fica com a frota de uma ca\u00e7amba, uma motoniveladora (Patrol), uma retro escavadeira e agora uma p\u00e1 carregadeira, n\u00e3o vamos parar por aqui.\u00a0A infraestrutura do nosso munic\u00edpio est\u00e1 ganhando uma nova cara, isto porque o governo &#8216;Juntos Podemos Mais&#8217;, tem este assunto, tamb\u00e9m, como prioridade em suas pol\u00edticas, nosso projeto, para longo prazo, \u00e9 equipar nossa Secretaria de Obras com o todo o maquin\u00e1rio necess\u00e1rio para desenvolvimento que a popula\u00e7\u00e3o merece.\u00a0Esse novo equipamento somado aos outros, tamb\u00e9m adquiridos atrav\u00e9s do Governo Federal, integram agora o patrim\u00f4nio p\u00fablico que j\u00e1 est\u00e3o dispon\u00edveis na Secretaria Municipal de Obras.\u00a0A prefeitura vem reformando todas as estradas da zona rural com acesso ao Munic\u00edpio e Distrito. N\u00e3o medimos esfor\u00e7os em buscar a cada dia mais investimentos e realiza\u00e7\u00f5es para o nosso munic\u00edpio. A entrega desses equipamentos representa um marco hist\u00f3rico de contribui\u00e7\u00e3o do Governo Federal para estruturar os munic\u00edpios na conviv\u00eancia com o semi\u00e1rido<\/em>\u201d finalizou o prefeito J\u00fanior Mendes.<\/p>\n<p><strong><em>Ascom Prefeitura Caatiba (Gazinho)<\/em><\/strong><\/p>\n","protected":false},"excerpt":{"rendered":"<p>O prefeito de Caatiba, J\u00fanior Mendes, acompanhado de sua comitiva formada pelo\u00a0ex-prefeito Valdo Mendes, Graciano, vereadores Mirinho, Carlinhos, Ronaldo, Vanderlan e Nailson ( Nai), presidente da C\u00e2mara de Vereadores,\u00a0recebeu das m\u00e3os da presidente Dilma Rousseff,\u00a0na manh\u00e3 desta ter\u00e7a-feira (29), em Feira de Santana,\u00a0a chave de uma P\u00e1 Carregadeira, adquirida pelo Minist\u00e9rio do Desenvolvimento Agr\u00e1rio \u2013 [&hellip;]<\/p>\n","protected":false},"author":2,"featured_media":0,"comment_status":"open","ping_status":"open","sticky":false,"template":"","format":"standard","meta":{"footnotes":"","_links_to":"","_links_to_target":""},"categories":[1],"tags":[],"class_list":["post-36437","post","type-post","status-publish","format-standard","hentry","category-geral"],"views":1671,"_links":{"self":[{"href":"https:\/\/www.sudoestehoje.com.br\/novoportal\/wp-json\/wp\/v2\/posts\/36437","targetHints":{"allow":["GET"]}}],"collection":[{"href":"https:\/\/www.sudoestehoje.com.br\/novoportal\/wp-json\/wp\/v2\/posts"}],"about":[{"href":"https:\/\/www.sudoestehoje.com.br\/novoportal\/wp-json\/wp\/v2\/types\/post"}],"author":[{"embeddable":true,"href":"https:\/\/www.sudoestehoje.com.br\/novoportal\/wp-json\/wp\/v2\/users\/2"}],"replies":[{"embeddable":true,"href":"https:\/\/www.sudoestehoje.com.br\/novoportal\/wp-json\/wp\/v2\/comments?post=36437"}],"version-history":[{"count":10,"href":"https:\/\/www.sudoestehoje.com.br\/novoportal\/wp-json\/wp\/v2\/posts\/36437\/revisions"}],"predecessor-version":[{"id":36472,"href":"https:\/\/www.sudoestehoje.com.br\/novoportal\/wp-json\/wp\/v2\/posts\/36437\/revisions\/36472"}],"wp:attachment":[{"href":"https:\/\/www.sudoestehoje.com.br\/novoportal\/wp-json\/wp\/v2\/media?parent=36437"}],"wp:term":[{"taxonomy":"category","embeddable":true,"href":"https:\/\/www.sudoestehoje.com.br\/novoportal\/wp-json\/wp\/v2\/categories?post=36437"},{"taxonomy":"post_tag","embeddable":true,"href":"https:\/\/www.sudoestehoje.com.br\/novoportal\/wp-json\/wp\/v2\/tags?post=36437"}],"curies":[{"name":"wp","href":"https:\/\/api.w.org\/{rel}","templated":true}]}}