
{"id":36434,"date":"2014-04-29T18:17:47","date_gmt":"2014-04-29T21:17:47","guid":{"rendered":"http:\/\/www.sudoestehoje.com.br\/novoportal\/?p=36434"},"modified":"2014-04-29T18:17:47","modified_gmt":"2014-04-29T21:17:47","slug":"desqualificacao-da-corte-e-fato-grave-e-merece-repudio-diz-barbosa","status":"publish","type":"post","link":"https:\/\/www.sudoestehoje.com.br\/novoportal\/2014\/04\/29\/desqualificacao-da-corte-e-fato-grave-e-merece-repudio-diz-barbosa\/","title":{"rendered":"&#8220;DESQUALIFICA\u00c7\u00c3O DA CORTE \u00c9 FATO GRAVE E MERECE REP\u00daDIO&#8221;, DIZ BARBOSA"},"content":{"rendered":"<p><a href=\"http:\/\/www.sudoestehoje.com.br\/novoportal\/wp-content\/uploads\/2014\/04\/JOAQUIM-BARBOSA.jpg\"><img loading=\"lazy\" decoding=\"async\" class=\"aligncenter size-medium wp-image-36435\" alt=\"JOAQUIM BARBOSA\" src=\"http:\/\/www.sudoestehoje.com.br\/novoportal\/wp-content\/uploads\/2014\/04\/JOAQUIM-BARBOSA-500x329.jpg\" width=\"500\" height=\"329\" srcset=\"https:\/\/www.sudoestehoje.com.br\/novoportal\/wp-content\/uploads\/2014\/04\/JOAQUIM-BARBOSA-500x329.jpg 500w, https:\/\/www.sudoestehoje.com.br\/novoportal\/wp-content\/uploads\/2014\/04\/JOAQUIM-BARBOSA-700x461.jpg 700w, https:\/\/www.sudoestehoje.com.br\/novoportal\/wp-content\/uploads\/2014\/04\/JOAQUIM-BARBOSA.jpg 960w\" sizes=\"auto, (max-width: 500px) 100vw, 500px\" \/><\/a><\/p>\n<p>Bras\u00edlia &#8211; O presidente do Supremo Tribunal Federal (STF), Joaquim Barbosa, repudiou as<strong><a href=\"http:\/\/www.estadao.com.br\/noticias\/nacional,sentenca-do-mensalao-foi-80-politica-e-20-juridica-afirma-lula,1159368,0.htm\">cr\u00edticas do ex-presidente Luiz In\u00e1cio Lula da Silva ao julgamento do mensal\u00e3o<\/a><\/strong>. &#8220;Lamento profundamente que um ex-presidente da Rep\u00fablica tenha escolhido um \u00f3rg\u00e3o da imprensa estrangeira para questionar a lisura do trabalho realizado pelos membros da mais alta Corte de Justi\u00e7a do Pa\u00eds&#8221;, disse.<\/p>\n<p>Para o ministro, &#8220;a desqualifica\u00e7\u00e3o do Supremo Tribunal Federal, pilar essencial da democracia brasileira, \u00e9 um fato grave que merece o mais veemente rep\u00fadio. Essa iniciativa emite um sinal de desesperan\u00e7a para o cidad\u00e3o comum, j\u00e1 indignado com a corrup\u00e7\u00e3o e a impunidade, e acuado pela viol\u00eancia. Os cidad\u00e3os brasileiros clamam por justi\u00e7a&#8221;.<\/p>\n<p>Relator do processo do mensal\u00e3o, Joaquim Barbosa disse que a tramita\u00e7\u00e3o do processo foi &#8220;absolutamente transparente&#8221;. &#8220;Pela primeira vez na hist\u00f3ria do tribunal, todas as partes de um processo criminal puderam ter acesso simultaneamente aos autos, a partir de qualquer ponto do territ\u00f3rio nacional uma vez que toda a documenta\u00e7\u00e3o fora digitalizada e estava dispon\u00edvel na rede.&#8221;<!--more--><\/p>\n<p>O ministro acrescentou que as cerca de 60 sess\u00f5es consumidas com o julgamento foram p\u00fablicas, com transmiss\u00e3o ao vivo pela TV Justi\u00e7a. &#8220;Os advogados dos r\u00e9us acompanharam, desde o primeiro dia, todos os passos do andamento do processo e puderam requerer todas as dilig\u00eancias e provas indispens\u00e1veis ao exerc\u00edcio do direito de defesa.&#8221;<\/p>\n<p>Joaquim Barbosa disse ainda que todos os r\u00e9us e o Minist\u00e9rio P\u00fablico puderam indicar testemunhas. &#8220;Foram indicadas, no total, cerca de 600.&#8221; O presidente do STF afirmou que a acusa\u00e7\u00e3o e a defesa tiveram mais de quatro anos para trazer ao STF as provas de seus interesses. &#8220;Al\u00e9m da prova testemunhal, foram feitas in\u00fameras per\u00edcias, muitas delas realizadas por \u00f3rg\u00e3os e entidades situadas na esfera de mando e influ\u00eancia do presidente da Rep\u00fablica, tais como Banco Central do Brasil, Banco do Brasil, Pol\u00edcia Federal, Coaf.&#8221;<\/p>\n<p>&#8220;Portanto, o ju\u00edzo de valor emitido pelo ex-chefe de Estado n\u00e3o encontra qualquer respaldo na realidade e revela pura e simplesmente sua dificuldade de compreender o extraordin\u00e1rio papel reservado a um Judici\u00e1rio independente em uma democracia verdadeiramente digna desse nome.&#8221;<\/p>\n","protected":false},"excerpt":{"rendered":"<p>Bras\u00edlia &#8211; O presidente do Supremo Tribunal Federal (STF), Joaquim Barbosa, repudiou ascr\u00edticas do ex-presidente Luiz In\u00e1cio Lula da Silva ao julgamento do mensal\u00e3o. &#8220;Lamento profundamente que um ex-presidente da Rep\u00fablica tenha escolhido um \u00f3rg\u00e3o da imprensa estrangeira para questionar a lisura do trabalho realizado pelos membros da mais alta Corte de Justi\u00e7a do Pa\u00eds&#8221;, [&hellip;]<\/p>\n","protected":false},"author":2,"featured_media":0,"comment_status":"open","ping_status":"open","sticky":false,"template":"","format":"standard","meta":{"footnotes":"","_links_to":"","_links_to_target":""},"categories":[1],"tags":[],"class_list":["post-36434","post","type-post","status-publish","format-standard","hentry","category-geral"],"views":1251,"_links":{"self":[{"href":"https:\/\/www.sudoestehoje.com.br\/novoportal\/wp-json\/wp\/v2\/posts\/36434","targetHints":{"allow":["GET"]}}],"collection":[{"href":"https:\/\/www.sudoestehoje.com.br\/novoportal\/wp-json\/wp\/v2\/posts"}],"about":[{"href":"https:\/\/www.sudoestehoje.com.br\/novoportal\/wp-json\/wp\/v2\/types\/post"}],"author":[{"embeddable":true,"href":"https:\/\/www.sudoestehoje.com.br\/novoportal\/wp-json\/wp\/v2\/users\/2"}],"replies":[{"embeddable":true,"href":"https:\/\/www.sudoestehoje.com.br\/novoportal\/wp-json\/wp\/v2\/comments?post=36434"}],"version-history":[{"count":1,"href":"https:\/\/www.sudoestehoje.com.br\/novoportal\/wp-json\/wp\/v2\/posts\/36434\/revisions"}],"predecessor-version":[{"id":36436,"href":"https:\/\/www.sudoestehoje.com.br\/novoportal\/wp-json\/wp\/v2\/posts\/36434\/revisions\/36436"}],"wp:attachment":[{"href":"https:\/\/www.sudoestehoje.com.br\/novoportal\/wp-json\/wp\/v2\/media?parent=36434"}],"wp:term":[{"taxonomy":"category","embeddable":true,"href":"https:\/\/www.sudoestehoje.com.br\/novoportal\/wp-json\/wp\/v2\/categories?post=36434"},{"taxonomy":"post_tag","embeddable":true,"href":"https:\/\/www.sudoestehoje.com.br\/novoportal\/wp-json\/wp\/v2\/tags?post=36434"}],"curies":[{"name":"wp","href":"https:\/\/api.w.org\/{rel}","templated":true}]}}