
{"id":36430,"date":"2014-04-29T13:49:13","date_gmt":"2014-04-29T16:49:13","guid":{"rendered":"http:\/\/www.sudoestehoje.com.br\/novoportal\/?p=36430"},"modified":"2014-04-29T13:49:13","modified_gmt":"2014-04-29T16:49:13","slug":"aumenta-chance-de-2o-turno-para-presidente-diz-pesquisa-cntmda","status":"publish","type":"post","link":"https:\/\/www.sudoestehoje.com.br\/novoportal\/2014\/04\/29\/aumenta-chance-de-2o-turno-para-presidente-diz-pesquisa-cntmda\/","title":{"rendered":"AUMENTA CHANCE DE 2\u00ba TURNO PARA PRESIDENTE, DIZ PESQUISA CNT\/MDA"},"content":{"rendered":"<div id=\"attachment_36431\" style=\"width: 510px\" class=\"wp-caption aligncenter\"><a href=\"http:\/\/www.sudoestehoje.com.br\/novoportal\/wp-content\/uploads\/2014\/04\/DILMA-A\u00c9CIO-E-CAMPOS.jpg\"><img loading=\"lazy\" decoding=\"async\" aria-describedby=\"caption-attachment-36431\" class=\"size-medium wp-image-36431\" alt=\"Dilma cai para 37%, enquanto A\u00e9cio e Campos v\u00e3o a \" src=\"http:\/\/www.sudoestehoje.com.br\/novoportal\/wp-content\/uploads\/2014\/04\/DILMA-A\u00c9CIO-E-CAMPOS-500x281.jpg\" width=\"500\" height=\"281\" srcset=\"https:\/\/www.sudoestehoje.com.br\/novoportal\/wp-content\/uploads\/2014\/04\/DILMA-A\u00c9CIO-E-CAMPOS-500x281.jpg 500w, https:\/\/www.sudoestehoje.com.br\/novoportal\/wp-content\/uploads\/2014\/04\/DILMA-A\u00c9CIO-E-CAMPOS.jpg 597w\" sizes=\"auto, (max-width: 500px) 100vw, 500px\" \/><\/a><p id=\"caption-attachment-36431\" class=\"wp-caption-text\">Dilma cai para 37%, enquanto A\u00e9cio e Campos v\u00e3o a 21,3% e 11,8%, segundo nova pesquisa CNT\/MDA, divulgada hoje.<\/p><\/div>\n<p>A presidente Dilma Rousseff teve uma queda de seis pontos percentuais nas inten\u00e7\u00f5es de voto para presidente, de acordo com pesquisa da Confedera\u00e7\u00e3o Nacional dos Transportes (CNT), realizada em parceria com a MDA e divulgada nesta ter\u00e7a-feira, 29.<\/p>\n<p>No cen\u00e1rio que mede a inten\u00e7\u00e3o de voto estimulada, a presidente aparece com 37% da prefer\u00eancia do eleitorado, n\u00famero que era de 43,7% em fevereiro. O presidente nacional do PSDB, senador A\u00e9cio Neves, aparece com 21,6% das inten\u00e7\u00f5es de voto em abril, frente a 17% no in\u00edcio deste ano. O ex-governador de Pernambuco, Eduardo Campos (PSB), soma 11,8% das inten\u00e7\u00f5es de voto, avan\u00e7o de pouco menos de dois pontos percentuais em rela\u00e7\u00e3o a fevereiro de 2014. Brancos e nulos chegaram em 20% e o porcentual dos que n\u00e3o sabem ou n\u00e3o responderam atingiu a 9,6%.<\/p>\n<p>Foram entrevistadas 2.002 pessoas, entre os dias 21 e 25 de abril. A margem de erro \u00e9 de 2,2 pontos percentuais, para mais ou para menos. A pesquisa foi registrada no Tribunal Superior Eleitoral (TSE) com o n\u00famero BR-00086-2014.<a href=\"http:\/\/www.estadao.com.br\/noticias\/nacional,chance-de-2-turno-aumenta-em-2014-diz-pesquisa-cntmda,1160102,0.htm\" target=\"_blank\">Leia mais<\/a>.<\/p>\n","protected":false},"excerpt":{"rendered":"<p>A presidente Dilma Rousseff teve uma queda de seis pontos percentuais nas inten\u00e7\u00f5es de voto para presidente, de acordo com pesquisa da Confedera\u00e7\u00e3o Nacional dos Transportes (CNT), realizada em parceria com a MDA e divulgada nesta ter\u00e7a-feira, 29. No cen\u00e1rio que mede a inten\u00e7\u00e3o de voto estimulada, a presidente aparece com 37% da prefer\u00eancia do [&hellip;]<\/p>\n","protected":false},"author":2,"featured_media":0,"comment_status":"open","ping_status":"open","sticky":false,"template":"","format":"standard","meta":{"footnotes":"","_links_to":"","_links_to_target":""},"categories":[1],"tags":[],"class_list":["post-36430","post","type-post","status-publish","format-standard","hentry","category-geral"],"views":1303,"_links":{"self":[{"href":"https:\/\/www.sudoestehoje.com.br\/novoportal\/wp-json\/wp\/v2\/posts\/36430","targetHints":{"allow":["GET"]}}],"collection":[{"href":"https:\/\/www.sudoestehoje.com.br\/novoportal\/wp-json\/wp\/v2\/posts"}],"about":[{"href":"https:\/\/www.sudoestehoje.com.br\/novoportal\/wp-json\/wp\/v2\/types\/post"}],"author":[{"embeddable":true,"href":"https:\/\/www.sudoestehoje.com.br\/novoportal\/wp-json\/wp\/v2\/users\/2"}],"replies":[{"embeddable":true,"href":"https:\/\/www.sudoestehoje.com.br\/novoportal\/wp-json\/wp\/v2\/comments?post=36430"}],"version-history":[{"count":1,"href":"https:\/\/www.sudoestehoje.com.br\/novoportal\/wp-json\/wp\/v2\/posts\/36430\/revisions"}],"predecessor-version":[{"id":36432,"href":"https:\/\/www.sudoestehoje.com.br\/novoportal\/wp-json\/wp\/v2\/posts\/36430\/revisions\/36432"}],"wp:attachment":[{"href":"https:\/\/www.sudoestehoje.com.br\/novoportal\/wp-json\/wp\/v2\/media?parent=36430"}],"wp:term":[{"taxonomy":"category","embeddable":true,"href":"https:\/\/www.sudoestehoje.com.br\/novoportal\/wp-json\/wp\/v2\/categories?post=36430"},{"taxonomy":"post_tag","embeddable":true,"href":"https:\/\/www.sudoestehoje.com.br\/novoportal\/wp-json\/wp\/v2\/tags?post=36430"}],"curies":[{"name":"wp","href":"https:\/\/api.w.org\/{rel}","templated":true}]}}