
{"id":36424,"date":"2014-04-29T13:24:04","date_gmt":"2014-04-29T16:24:04","guid":{"rendered":"http:\/\/www.sudoestehoje.com.br\/novoportal\/?p=36424"},"modified":"2014-04-30T18:08:54","modified_gmt":"2014-04-30T21:08:54","slug":"vereadores-vao-a-salvador-reforcar-pedidos-de-ze-carlos","status":"publish","type":"post","link":"https:\/\/www.sudoestehoje.com.br\/novoportal\/2014\/04\/29\/vereadores-vao-a-salvador-reforcar-pedidos-de-ze-carlos\/","title":{"rendered":"VEREADORES V\u00c3O A SALVADOR &#8220;REFOR\u00c7AR&#8221; PEDIDOS DE Z\u00c9 CARLOS"},"content":{"rendered":"<div id=\"attachment_36425\" style=\"width: 510px\" class=\"wp-caption aligncenter\"><a href=\"http:\/\/www.sudoestehoje.com.br\/novoportal\/wp-content\/uploads\/2014\/04\/FOTO-GABINETE-2.jpg\"><img loading=\"lazy\" decoding=\"async\" aria-describedby=\"caption-attachment-36425\" class=\"size-medium wp-image-36425\" alt=\"Vereador Jo\u00e3o Carlos aparece na rela\u00e7\u00e3o dos que viajaram e receberam di\u00e1rias, mas n\u00e3o saiu na foto. Por que ser\u00e1? Foto Assessoria da C\u00e2mara Municipal\" src=\"http:\/\/www.sudoestehoje.com.br\/novoportal\/wp-content\/uploads\/2014\/04\/FOTO-GABINETE-2-500x375.jpg\" width=\"500\" height=\"375\" srcset=\"https:\/\/www.sudoestehoje.com.br\/novoportal\/wp-content\/uploads\/2014\/04\/FOTO-GABINETE-2-500x375.jpg 500w, https:\/\/www.sudoestehoje.com.br\/novoportal\/wp-content\/uploads\/2014\/04\/FOTO-GABINETE-2-700x525.jpg 700w, https:\/\/www.sudoestehoje.com.br\/novoportal\/wp-content\/uploads\/2014\/04\/FOTO-GABINETE-2.jpg 1024w\" sizes=\"auto, (max-width: 500px) 100vw, 500px\" \/><\/a><p id=\"caption-attachment-36425\" class=\"wp-caption-text\">Vereador Jo\u00e3o Carlos aparece na rela\u00e7\u00e3o dos que viajaram e receberam di\u00e1rias, mas n\u00e3o saiu na foto. Por que ser\u00e1? Foto Assessoria da C\u00e2mara Municipal<\/p><\/div>\n<p>Segundo informa\u00e7\u00f5es de um blog ligado \u00e0 prefeitura de Itapetinga, os\u00a0vereadores, N\u00eddia Oliveira, Amaral J\u00fanior, Neide Pereira, Z\u00e9 Antunes, Valqu\u00edrio Lima, Jo\u00e3o Carlos e Valdeir Chagas, estiveram em Salvador reunidos com o pr\u00e9-candidato do PT ao governo do estado, Rui Costa, nesta segunda-feira, onde teriam &#8216;refor\u00e7ado&#8217; os antigos pedidos do prefeito Z\u00e9 Carlos, que nunca foram atendidos por Wagner, como o\u00a0DPT\/IML e o Ponto Cidad\u00e3o. Mesmo fora do governo, Rui Costa prometeu resolver tudo at\u00e9 o final deste ano.<\/p>\n<p>Embora constasse na lista divulgada pela assessoria da prefeitura, como um dos presentes no encontro, o vereador Jo\u00e3o Carlos (PMDB) n\u00e3o aparece nas fotos, o que levanta a suspeita de que tenha recebido as gordas di\u00e1rias da C\u00e2mara de Vereadores e ficado por aqui mesmo, escondido em algum canto.<\/p>\n<p>Segundo pudemos apurar, cada edil recebeu da C\u00e2mara Municipal R$ 1.200 reais, fora as despesas de viagem, que ficaram por conta do legislativo. Mais esperto, o assessor Gama Sobrinho &#8216;papou&#8217; R$ 1.500 reais, para acompanhar os nobres edis at\u00e9 a capital do Estado, nessa &#8216;dura miss\u00e3o&#8217;.<\/p>\n<p>Apuramos, tamb\u00e9m, que a ida da &#8216;ilustre comitiva&#8217; \u00e0 capital, tem rela\u00e7\u00e3o com o processo que barrou a elei\u00e7\u00e3o da mesa da c\u00e2mara, recentemente. \u00c9 bom a oposi\u00e7\u00e3o se cuidar&#8230;<\/p>\n<p><strong><em>Por Davi Ferraz<\/em><\/strong><\/p>\n","protected":false},"excerpt":{"rendered":"<p>Segundo informa\u00e7\u00f5es de um blog ligado \u00e0 prefeitura de Itapetinga, os\u00a0vereadores, N\u00eddia Oliveira, Amaral J\u00fanior, Neide Pereira, Z\u00e9 Antunes, Valqu\u00edrio Lima, Jo\u00e3o Carlos e Valdeir Chagas, estiveram em Salvador reunidos com o pr\u00e9-candidato do PT ao governo do estado, Rui Costa, nesta segunda-feira, onde teriam &#8216;refor\u00e7ado&#8217; os antigos pedidos do prefeito Z\u00e9 Carlos, que nunca [&hellip;]<\/p>\n","protected":false},"author":2,"featured_media":0,"comment_status":"open","ping_status":"open","sticky":false,"template":"","format":"standard","meta":{"footnotes":"","_links_to":"","_links_to_target":""},"categories":[1],"tags":[],"class_list":["post-36424","post","type-post","status-publish","format-standard","hentry","category-geral"],"views":1325,"_links":{"self":[{"href":"https:\/\/www.sudoestehoje.com.br\/novoportal\/wp-json\/wp\/v2\/posts\/36424","targetHints":{"allow":["GET"]}}],"collection":[{"href":"https:\/\/www.sudoestehoje.com.br\/novoportal\/wp-json\/wp\/v2\/posts"}],"about":[{"href":"https:\/\/www.sudoestehoje.com.br\/novoportal\/wp-json\/wp\/v2\/types\/post"}],"author":[{"embeddable":true,"href":"https:\/\/www.sudoestehoje.com.br\/novoportal\/wp-json\/wp\/v2\/users\/2"}],"replies":[{"embeddable":true,"href":"https:\/\/www.sudoestehoje.com.br\/novoportal\/wp-json\/wp\/v2\/comments?post=36424"}],"version-history":[{"count":6,"href":"https:\/\/www.sudoestehoje.com.br\/novoportal\/wp-json\/wp\/v2\/posts\/36424\/revisions"}],"predecessor-version":[{"id":36476,"href":"https:\/\/www.sudoestehoje.com.br\/novoportal\/wp-json\/wp\/v2\/posts\/36424\/revisions\/36476"}],"wp:attachment":[{"href":"https:\/\/www.sudoestehoje.com.br\/novoportal\/wp-json\/wp\/v2\/media?parent=36424"}],"wp:term":[{"taxonomy":"category","embeddable":true,"href":"https:\/\/www.sudoestehoje.com.br\/novoportal\/wp-json\/wp\/v2\/categories?post=36424"},{"taxonomy":"post_tag","embeddable":true,"href":"https:\/\/www.sudoestehoje.com.br\/novoportal\/wp-json\/wp\/v2\/tags?post=36424"}],"curies":[{"name":"wp","href":"https:\/\/api.w.org\/{rel}","templated":true}]}}