
{"id":36413,"date":"2014-04-28T22:50:22","date_gmt":"2014-04-29T01:50:22","guid":{"rendered":"http:\/\/www.sudoestehoje.com.br\/novoportal\/?p=36413"},"modified":"2014-04-28T23:04:06","modified_gmt":"2014-04-29T02:04:06","slug":"vergonha-pracinha-abandonada-da-academia-amar-virou-mangueiro","status":"publish","type":"post","link":"https:\/\/www.sudoestehoje.com.br\/novoportal\/2014\/04\/28\/vergonha-pracinha-abandonada-da-academia-amar-virou-mangueiro\/","title":{"rendered":"VERGONHA! PRACINHA ABANDONADA DA ACADEMIA AMAR VIROU MANGUEIRO"},"content":{"rendered":"<p><a href=\"http:\/\/www.sudoestehoje.com.br\/novoportal\/wp-content\/uploads\/2014\/04\/PRA\u00c7A-AMAR-1.jpg\"><img loading=\"lazy\" decoding=\"async\" class=\"aligncenter size-medium wp-image-36415\" alt=\"PRA\u00c7A AMAR 1\" src=\"http:\/\/www.sudoestehoje.com.br\/novoportal\/wp-content\/uploads\/2014\/04\/PRA\u00c7A-AMAR-1-500x375.jpg\" width=\"500\" height=\"375\" srcset=\"https:\/\/www.sudoestehoje.com.br\/novoportal\/wp-content\/uploads\/2014\/04\/PRA\u00c7A-AMAR-1-500x375.jpg 500w, https:\/\/www.sudoestehoje.com.br\/novoportal\/wp-content\/uploads\/2014\/04\/PRA\u00c7A-AMAR-1-700x525.jpg 700w, https:\/\/www.sudoestehoje.com.br\/novoportal\/wp-content\/uploads\/2014\/04\/PRA\u00c7A-AMAR-1.jpg 960w\" sizes=\"auto, (max-width: 500px) 100vw, 500px\" \/><\/a><\/p>\n<p>ITAPETINGA: Quem passa todas as manh\u00e3s pelas imedia\u00e7\u00f5es da Academia Amar e Justi\u00e7a do Trabalho, se assusta com a quantidade de animais pastando na pra\u00e7a, que \u00e9 um abandono s\u00f3. \u00a0Os animais, vacas, bois e bezerros, s\u00e3o conduzidos para a pra\u00e7a, todas as manh\u00e3s, para pastarem, sendo depois levados para alguma fazenda pr\u00f3xima, atravessando, perigosamente, a pista da Avenida Isai Amorim.<\/p>\n<p>Bem pr\u00f3ximo do local, fica a Secretaria Municipal de Servi\u00e7os P\u00fablicos, que deveria estar cuidando das nossas pra\u00e7as e jardins, al\u00e9m de realizar a apreens\u00e3o de animais que vivem soltos pelas ruas da cidade. \u00a0Deveria, mas n\u00e3o faz.<\/p>\n<p><a href=\"http:\/\/www.sudoestehoje.com.br\/novoportal\/wp-content\/uploads\/2014\/04\/PRA\u00c7A-AMAR1.jpg\"><img loading=\"lazy\" decoding=\"async\" class=\"aligncenter size-medium wp-image-36419\" alt=\"PRA\u00c7A AMAR\" src=\"http:\/\/www.sudoestehoje.com.br\/novoportal\/wp-content\/uploads\/2014\/04\/PRA\u00c7A-AMAR1-500x375.jpg\" width=\"500\" height=\"375\" srcset=\"https:\/\/www.sudoestehoje.com.br\/novoportal\/wp-content\/uploads\/2014\/04\/PRA\u00c7A-AMAR1-500x375.jpg 500w, https:\/\/www.sudoestehoje.com.br\/novoportal\/wp-content\/uploads\/2014\/04\/PRA\u00c7A-AMAR1-700x525.jpg 700w, https:\/\/www.sudoestehoje.com.br\/novoportal\/wp-content\/uploads\/2014\/04\/PRA\u00c7A-AMAR1.jpg 960w\" sizes=\"auto, (max-width: 500px) 100vw, 500px\" \/><\/a><\/p>\n<p>Isto envergonha a nossa cidade e exp\u00f5e o estado de abandono em que Itapetinga se encontra, sob a administra\u00e7\u00e3o do ausente, omisso, incompetente e desleixado prefeito Jos\u00e9 Carlos Moura.<\/p>\n<p>Parece &#8220;encosto&#8221;&#8230;<\/p>\n<p><strong><em>Por Davi Ferraz\u00a0<\/em><\/strong><\/p>\n","protected":false},"excerpt":{"rendered":"<p>ITAPETINGA: Quem passa todas as manh\u00e3s pelas imedia\u00e7\u00f5es da Academia Amar e Justi\u00e7a do Trabalho, se assusta com a quantidade de animais pastando na pra\u00e7a, que \u00e9 um abandono s\u00f3. \u00a0Os animais, vacas, bois e bezerros, s\u00e3o conduzidos para a pra\u00e7a, todas as manh\u00e3s, para pastarem, sendo depois levados para alguma fazenda pr\u00f3xima, atravessando, perigosamente, [&hellip;]<\/p>\n","protected":false},"author":2,"featured_media":0,"comment_status":"open","ping_status":"open","sticky":false,"template":"","format":"standard","meta":{"footnotes":"","_links_to":"","_links_to_target":""},"categories":[1],"tags":[],"class_list":["post-36413","post","type-post","status-publish","format-standard","hentry","category-geral"],"views":1765,"_links":{"self":[{"href":"https:\/\/www.sudoestehoje.com.br\/novoportal\/wp-json\/wp\/v2\/posts\/36413","targetHints":{"allow":["GET"]}}],"collection":[{"href":"https:\/\/www.sudoestehoje.com.br\/novoportal\/wp-json\/wp\/v2\/posts"}],"about":[{"href":"https:\/\/www.sudoestehoje.com.br\/novoportal\/wp-json\/wp\/v2\/types\/post"}],"author":[{"embeddable":true,"href":"https:\/\/www.sudoestehoje.com.br\/novoportal\/wp-json\/wp\/v2\/users\/2"}],"replies":[{"embeddable":true,"href":"https:\/\/www.sudoestehoje.com.br\/novoportal\/wp-json\/wp\/v2\/comments?post=36413"}],"version-history":[{"count":5,"href":"https:\/\/www.sudoestehoje.com.br\/novoportal\/wp-json\/wp\/v2\/posts\/36413\/revisions"}],"predecessor-version":[{"id":36421,"href":"https:\/\/www.sudoestehoje.com.br\/novoportal\/wp-json\/wp\/v2\/posts\/36413\/revisions\/36421"}],"wp:attachment":[{"href":"https:\/\/www.sudoestehoje.com.br\/novoportal\/wp-json\/wp\/v2\/media?parent=36413"}],"wp:term":[{"taxonomy":"category","embeddable":true,"href":"https:\/\/www.sudoestehoje.com.br\/novoportal\/wp-json\/wp\/v2\/categories?post=36413"},{"taxonomy":"post_tag","embeddable":true,"href":"https:\/\/www.sudoestehoje.com.br\/novoportal\/wp-json\/wp\/v2\/tags?post=36413"}],"curies":[{"name":"wp","href":"https:\/\/api.w.org\/{rel}","templated":true}]}}