
{"id":36407,"date":"2014-04-28T18:08:44","date_gmt":"2014-04-28T21:08:44","guid":{"rendered":"http:\/\/www.sudoestehoje.com.br\/novoportal\/?p=36407"},"modified":"2014-04-28T18:08:44","modified_gmt":"2014-04-28T21:08:44","slug":"conquista-transtorno-no-aeroporto-virou-prato-cheio-para-oposicao","status":"publish","type":"post","link":"https:\/\/www.sudoestehoje.com.br\/novoportal\/2014\/04\/28\/conquista-transtorno-no-aeroporto-virou-prato-cheio-para-oposicao\/","title":{"rendered":"CONQUISTA: TRANSTORNO NO AEROPORTO VIROU PRATO CHEIO PARA OPOSI\u00c7\u00c3O"},"content":{"rendered":"<p><a href=\"http:\/\/www.sudoestehoje.com.br\/novoportal\/wp-content\/uploads\/2014\/04\/CHAPA-AEROPORTO-CONQUISTA.jpg\"><img loading=\"lazy\" decoding=\"async\" class=\"aligncenter size-medium wp-image-36408\" alt=\"CHAPA AEROPORTO CONQUISTA\" src=\"http:\/\/www.sudoestehoje.com.br\/novoportal\/wp-content\/uploads\/2014\/04\/CHAPA-AEROPORTO-CONQUISTA-500x321.jpg\" width=\"500\" height=\"321\" srcset=\"https:\/\/www.sudoestehoje.com.br\/novoportal\/wp-content\/uploads\/2014\/04\/CHAPA-AEROPORTO-CONQUISTA-500x321.jpg 500w, https:\/\/www.sudoestehoje.com.br\/novoportal\/wp-content\/uploads\/2014\/04\/CHAPA-AEROPORTO-CONQUISTA.jpg 570w\" sizes=\"auto, (max-width: 500px) 100vw, 500px\" \/><\/a><\/p>\n<p>O evento da chapa da oposi\u00e7\u00e3o em Vit\u00f3ria da Conquista, que estava marcado para come\u00e7ar \u00e0s 10 da manh\u00e3, foi iniciado com uma hora de atraso, porque os avi\u00f5es da comitiva n\u00e3o conseguiram descer. As condi\u00e7\u00f5es clim\u00e1ticas e a falta de estrutura do aeroporto local, que al\u00e9m de n\u00e3o oferecer o m\u00ednimo conforto aos usu\u00e1rios, n\u00e3o tem um equipamento que permita o pouso e a decolagem das aeronaves com o tempo nublado, foram as causas do atraso.<\/p>\n<p>As obras do novo aeroporto da cidade, que j\u00e1 deveriam estar em um est\u00e1gio avan\u00e7ado, est\u00e3o sendo tocadas em ritmo muito lento, mesmo com a maior parte das verbas liberadas pelo governo federal. Os oposicionistas aproveitaram o transtorno que tiveram, para refor\u00e7ar o descaso do governo do estado, respons\u00e1vel pelas obras do novo aeroporto, com a constru\u00e7\u00e3o de um equipamento t\u00e3o importante para a regi\u00e3o, e n\u00e3o perderam, \u00e9 claro, a oportunidade de prometer que a conclus\u00e3o dessa obra ser\u00e1 prioridade, caso sejam vitoriosos nas elei\u00e7\u00f5es de outubro.<\/p>\n","protected":false},"excerpt":{"rendered":"<p>O evento da chapa da oposi\u00e7\u00e3o em Vit\u00f3ria da Conquista, que estava marcado para come\u00e7ar \u00e0s 10 da manh\u00e3, foi iniciado com uma hora de atraso, porque os avi\u00f5es da comitiva n\u00e3o conseguiram descer. As condi\u00e7\u00f5es clim\u00e1ticas e a falta de estrutura do aeroporto local, que al\u00e9m de n\u00e3o oferecer o m\u00ednimo conforto aos usu\u00e1rios, [&hellip;]<\/p>\n","protected":false},"author":2,"featured_media":0,"comment_status":"open","ping_status":"open","sticky":false,"template":"","format":"standard","meta":{"footnotes":"","_links_to":"","_links_to_target":""},"categories":[1],"tags":[],"class_list":["post-36407","post","type-post","status-publish","format-standard","hentry","category-geral"],"views":1220,"_links":{"self":[{"href":"https:\/\/www.sudoestehoje.com.br\/novoportal\/wp-json\/wp\/v2\/posts\/36407","targetHints":{"allow":["GET"]}}],"collection":[{"href":"https:\/\/www.sudoestehoje.com.br\/novoportal\/wp-json\/wp\/v2\/posts"}],"about":[{"href":"https:\/\/www.sudoestehoje.com.br\/novoportal\/wp-json\/wp\/v2\/types\/post"}],"author":[{"embeddable":true,"href":"https:\/\/www.sudoestehoje.com.br\/novoportal\/wp-json\/wp\/v2\/users\/2"}],"replies":[{"embeddable":true,"href":"https:\/\/www.sudoestehoje.com.br\/novoportal\/wp-json\/wp\/v2\/comments?post=36407"}],"version-history":[{"count":4,"href":"https:\/\/www.sudoestehoje.com.br\/novoportal\/wp-json\/wp\/v2\/posts\/36407\/revisions"}],"predecessor-version":[{"id":36412,"href":"https:\/\/www.sudoestehoje.com.br\/novoportal\/wp-json\/wp\/v2\/posts\/36407\/revisions\/36412"}],"wp:attachment":[{"href":"https:\/\/www.sudoestehoje.com.br\/novoportal\/wp-json\/wp\/v2\/media?parent=36407"}],"wp:term":[{"taxonomy":"category","embeddable":true,"href":"https:\/\/www.sudoestehoje.com.br\/novoportal\/wp-json\/wp\/v2\/categories?post=36407"},{"taxonomy":"post_tag","embeddable":true,"href":"https:\/\/www.sudoestehoje.com.br\/novoportal\/wp-json\/wp\/v2\/tags?post=36407"}],"curies":[{"name":"wp","href":"https:\/\/api.w.org\/{rel}","templated":true}]}}