
{"id":36403,"date":"2014-04-28T17:39:10","date_gmt":"2014-04-28T20:39:10","guid":{"rendered":"http:\/\/www.sudoestehoje.com.br\/novoportal\/?p=36403"},"modified":"2014-04-28T17:39:10","modified_gmt":"2014-04-28T20:39:10","slug":"prisco-diz-que-nao-queria-greve","status":"publish","type":"post","link":"https:\/\/www.sudoestehoje.com.br\/novoportal\/2014\/04\/28\/prisco-diz-que-nao-queria-greve\/","title":{"rendered":"PRISCO DIZ QUE N\u00c3O QUERIA GREVE"},"content":{"rendered":"<p style=\"text-align: center;\"><a href=\"http:\/\/www.sudoestehoje.com.br\/novoportal\/wp-content\/uploads\/2014\/04\/prisco-entrev..jpg\"><img decoding=\"async\" class=\"aligncenter  wp-image-36405\" alt=\"prisco entrev.\" src=\"http:\/\/www.sudoestehoje.com.br\/novoportal\/wp-content\/uploads\/2014\/04\/prisco-entrev..jpg\" width=\"450\" \/><\/a><\/p>\n<p>Detido h\u00e1 dez dias no Pres\u00eddio da Papuda, Bras\u00edlia, o vereador Marco Prisco (PSDB), principal lideran\u00e7a\u00a0<a href=\"http:\/\/atarde.uol.com.br\/bahia\/greve-policia-militar\">de greves da PM na Bahia<\/a>, falou com exclusividade ao A TARDE. Perguntas foram impressas e levadas pelo advogado da Associa\u00e7\u00e3o de Policiais Militares e Bombeiros e seus Familiares (Aspra), Leonardo Mascarenhas, que esteve com Prisco na cadeia. Confira a entrevista:<\/p>\n<p><strong>Como o senhor descreve o ambiente do Complexo Penitenci\u00e1rio da Papuda? Qual o seu estado de sa\u00fade f\u00edsica e mental?\u00a0<\/strong><br \/>\nComo um terror. Estou bem fisicamente, mas mentalmente destru\u00eddo. N\u00e3o como, sinto fortes dores de est\u00f4mago e tenho medo de que isso influencie no meu problema de cora\u00e7\u00e3o, que \u00e9 gen\u00e9tico. Sinto-me deprimido&#8230;<!--more--><\/p>\n<p><strong>Como foi estar preso com outros detentos em uma cela coletiva? O senhor sofreu algum tipo de amea\u00e7a por parte dos colegas de cela?<\/strong><br \/>\nEstou com medo e tenho muito temor por minha vida.<\/p>\n<p><strong>O senhor foi preso enquanto se dirigia \u00e0 Costa de Sauipe para passar o feriado da Semana Santa com a fam\u00edlia. Como foi o momento da pris\u00e3o? Qual a rea\u00e7\u00e3o dos seus familiares ao terem o carro interceptado por agentes da Pol\u00edcia Federal?<\/strong><br \/>\nMuito triste, aterrorizante. Estava na frente de meus filhos e esposa. Eu fui tratado como criminoso, coisa que eu n\u00e3o sou.<\/p>\n<p><strong>O senhor foi detido no dia 18. No entanto, o pedido de pris\u00e3o foi feito pelo Minist\u00e9rio P\u00fablico\u00a0 Federal (MPF) tr\u00eas dias antes. De acordo com o \u00f3rg\u00e3o, a pris\u00e3o \u00e9 referente \u00e0 a\u00e7\u00e3o penal movida em 2013, pela pr\u00e1tica de crimes contra a seguran\u00e7a nacional praticados durante a greve de 2012. A pris\u00e3o foi uma<br \/>\nsurpresa?<\/strong><br \/>\nSim, foi uma surpresa porque n\u00e3o h\u00e1 provas no processo. Ningu\u00e9m ainda foi ouvido nele. Tudo baseado na Lei de Seguran\u00e7a Nacional, da \u00e9poca da ditadura, que j\u00e1 foi alvo de an\u00e1lise do Supremo, que declarou inconstitucionais diversos requisitos desta.<\/p>\n<p><strong>As negocia\u00e7\u00f5es com o governo do estado come\u00e7aram h\u00e1 nove meses. Mesmo ap\u00f3s longo tempo de conversa, por que n\u00e3o foi poss\u00edvel chegar a um acordo?\u00a0<\/strong><br \/>\nDepois de muitas e muitas reuni\u00f5es, apenas 5% do que foi apresentado pelas associa\u00e7\u00f5es foi aprovado pelo governo. Adiamos a primeira assembleia para dar mais prazo ao governo. Ningu\u00e9m queria esta greve, mas quem inflamou a tropa foi o governo, quando frustrou os policiais militares da Bahia.<\/p>\n<p><strong>Alguns ve\u00edculos de comunica\u00e7\u00e3o chegaram a divulgar que o senhor era contr\u00e1rio \u00e0 greve. \u00c9 verdade?<\/strong><br \/>\nSim, fui contra a greve, tanto nessa quanto na outra, mas quem decide \u00e9 a categoria. A opini\u00e3o da tropa \u00e9 e sempre ser\u00e1 soberana.<\/p>\n<p><strong>Como o senhor avalia a forma como a greve foi suspensa? Ainda h\u00e1 pontos a serem discutidos?\u00a0<\/strong><br \/>\nAcredito que ainda h\u00e1 pontos a serem discutidos e sempre estivemos abertos a debat\u00ea-los.<\/p>\n<p><strong>De acordo com a Secretaria da Seguran\u00e7a P\u00fablica, foram 104 assassinatos em Salvador e regi\u00e3o metropolitana da noite de ter\u00e7a-feira (15), quando a greve foi decretada, at\u00e9 domingo (20), tr\u00eas dias depois de os policiais terem voltado ao trabalho. Nesse per\u00edodo, a m\u00e9dia foi de 17 homic\u00eddios por dia. Em condi\u00e7\u00f5es normais, a m\u00e9dia di\u00e1ria, segundo informa\u00e7\u00f5es da PM, \u00e9 de cinco homic\u00eddios. S\u00f3 no feriado da Semana Santa, j\u00e1 com os policiais de volta ao trabalho, o n\u00famero de assassinatos foi 57% maior que no mesmo per\u00edodo do ano passado. Houve, ainda, um aumento significativo de roubos de ve\u00edculos, al\u00e9m dos saques. Como o senhor v\u00ea o crescimento do n\u00famero de ocorr\u00eancias durante a paralisa\u00e7\u00e3o das atividades da PM?<\/strong><br \/>\nA viol\u00eancia n\u00e3o \u00e9 por conta do movimento. Em Salvador e regi\u00e3o metropolitana, em um final de semana, j\u00e1 tivemos 44 homic\u00eddios. N\u00e3o sou eu quem est\u00e1 dizendo, s\u00e3o dados da Organiza\u00e7\u00e3o das Na\u00e7\u00f5es Unidas (ONU), que aponta Salvador como a 13\u00aa cidade mais violenta do mundo. O que gostaria que as pessoas entendessem \u00e9 que discutimos melhorias para a popula\u00e7\u00e3o baiana, e n\u00e3o para uma categoria. Se tivermos uma pol\u00edcia melhor, os baianos gozar\u00e3o de seguran\u00e7a p\u00fablica de qualidade. Ressalto que, durante as mobiliza\u00e7\u00f5es, 40% da tropa trabalhou.<\/p>\n<p><strong>Qual foi o papel de Jaques\u00a0 Wagner (ent\u00e3o deputado) na greve de 2001? Agora, apenas no segundo mandato dele, a PM paralisou as atividades por duas vezes. Naquele momento, ele foi um parceiro da categoria?<\/strong><br \/>\nEm 2001, ele foi al\u00e9m de parceiro, deu total apoio, inclusive publicamente.<\/p>\n<p><strong>Como o senhor acha que ficar\u00e1 a situa\u00e7\u00e3o do seu mandato na C\u00e2mara de Vereadores? O senhor teme ter o cargo suspenso?<\/strong><br \/>\nN\u00e3o. Confio em meus pares. Os vereadores sabem que estou impedido de exercer meu mandato por conta de uma pris\u00e3o arbitr\u00e1ria, que havia perdido objeto.<\/p>\n<p><strong>Embora n\u00e3o haja mais indicativo de greve, os policiais do estado est\u00e3o mobilizados para que o senhor deixe a pris\u00e3o. Qual mensagem o senhor deixa para a tropa?\u00a0<\/strong><br \/>\nA mensagem que eu deixo para a tropa \u00e9 que tenha tranquilidade. Pe\u00e7o humildemente que, sem movimentos, sem paralisa\u00e7\u00f5es, continuem cobrando das autoridades a minha liberdade e trabalhando em prol da sociedade. Sou vereador de Salvador, acredito que o certo \u00e9 minha pris\u00e3o na C\u00e2mara ou domiciliar. Passo horas me perguntando como isso aconteceu. Clamo por minha\u00a0liberdade.<\/p>\n","protected":false},"excerpt":{"rendered":"<p>Detido h\u00e1 dez dias no Pres\u00eddio da Papuda, Bras\u00edlia, o vereador Marco Prisco (PSDB), principal lideran\u00e7a\u00a0de greves da PM na Bahia, falou com exclusividade ao A TARDE. Perguntas foram impressas e levadas pelo advogado da Associa\u00e7\u00e3o de Policiais Militares e Bombeiros e seus Familiares (Aspra), Leonardo Mascarenhas, que esteve com Prisco na cadeia. Confira a [&hellip;]<\/p>\n","protected":false},"author":2,"featured_media":0,"comment_status":"open","ping_status":"open","sticky":false,"template":"","format":"standard","meta":{"footnotes":"","_links_to":"","_links_to_target":""},"categories":[1],"tags":[],"class_list":["post-36403","post","type-post","status-publish","format-standard","hentry","category-geral"],"views":1656,"_links":{"self":[{"href":"https:\/\/www.sudoestehoje.com.br\/novoportal\/wp-json\/wp\/v2\/posts\/36403","targetHints":{"allow":["GET"]}}],"collection":[{"href":"https:\/\/www.sudoestehoje.com.br\/novoportal\/wp-json\/wp\/v2\/posts"}],"about":[{"href":"https:\/\/www.sudoestehoje.com.br\/novoportal\/wp-json\/wp\/v2\/types\/post"}],"author":[{"embeddable":true,"href":"https:\/\/www.sudoestehoje.com.br\/novoportal\/wp-json\/wp\/v2\/users\/2"}],"replies":[{"embeddable":true,"href":"https:\/\/www.sudoestehoje.com.br\/novoportal\/wp-json\/wp\/v2\/comments?post=36403"}],"version-history":[{"count":2,"href":"https:\/\/www.sudoestehoje.com.br\/novoportal\/wp-json\/wp\/v2\/posts\/36403\/revisions"}],"predecessor-version":[{"id":36406,"href":"https:\/\/www.sudoestehoje.com.br\/novoportal\/wp-json\/wp\/v2\/posts\/36403\/revisions\/36406"}],"wp:attachment":[{"href":"https:\/\/www.sudoestehoje.com.br\/novoportal\/wp-json\/wp\/v2\/media?parent=36403"}],"wp:term":[{"taxonomy":"category","embeddable":true,"href":"https:\/\/www.sudoestehoje.com.br\/novoportal\/wp-json\/wp\/v2\/categories?post=36403"},{"taxonomy":"post_tag","embeddable":true,"href":"https:\/\/www.sudoestehoje.com.br\/novoportal\/wp-json\/wp\/v2\/tags?post=36403"}],"curies":[{"name":"wp","href":"https:\/\/api.w.org\/{rel}","templated":true}]}}