
{"id":36398,"date":"2014-04-28T16:52:23","date_gmt":"2014-04-28T19:52:23","guid":{"rendered":"http:\/\/www.sudoestehoje.com.br\/novoportal\/?p=36398"},"modified":"2014-04-28T16:52:23","modified_gmt":"2014-04-28T19:52:23","slug":"olha-o-que-lula-disse-na-tv-portuguesa-sobre-os-presos-do-mensalao","status":"publish","type":"post","link":"https:\/\/www.sudoestehoje.com.br\/novoportal\/2014\/04\/28\/olha-o-que-lula-disse-na-tv-portuguesa-sobre-os-presos-do-mensalao\/","title":{"rendered":"OLHA O QUE LULA DISSE NA TV PORTUGUESA SOBRE OS PRESOS DO MENSAL\u00c3O"},"content":{"rendered":"<p><iframe loading=\"lazy\" title=\"Trecho entrevista Lula-RTP sobre confian\u00e7a a companheiros\" width=\"500\" height=\"281\" src=\"https:\/\/www.youtube.com\/embed\/FZbDUfpQtJs?start=21&#038;feature=oembed\" frameborder=\"0\" allow=\"accelerometer; autoplay; clipboard-write; encrypted-media; gyroscope; picture-in-picture; web-share\" referrerpolicy=\"strict-origin-when-cross-origin\" allowfullscreen><\/iframe><\/p>\n<p>O ex-presidente Lula negou, em entrevista a uma rede de TV portuguesa, ter mantido, durante seu governo, rela\u00e7\u00e3o pr\u00f3xima com qualquer um dos condenados no julgamento do mensal\u00e3o.<\/p>\n<p>Entre os presos, por determina\u00e7\u00e3o do Supremo Tribunal Federal (STF), est\u00e3o o ex-tesoureiro do PT Del\u00fabio Soares, o ex-presidente nacional do partido Jos\u00e9 Geno\u00edno e o ex-ministro da Casa Civil, Jos\u00e9 Dirceu, que atuou no Planalto entre 2003 e 2005, primeiros anos da administra\u00e7\u00e3o petista.<\/p>\n<p>&#8220;N\u00e3o se trata de gente da minha confian\u00e7a. Tem companheiro do PT preso. E eu tamb\u00e9m n\u00e3o vou ficar discutindo a decis\u00e3o da Suprema Corte. O que eu acho \u00e9 que essa hist\u00f3ria vai ser recontada&#8221;, insinuou.<\/p>\n<p>A declara\u00e7\u00e3o foi divulgada neste domingo (27), pela emissora RTP. Ao canal de televis\u00e3o, Lula disse ainda que o processo \u2013 iniciado ap\u00f3s a revela\u00e7\u00e3o do esquema de compra de apoio pol\u00edtico no Congresso \u2013 teve \u201c<a href=\"http:\/\/www.bahianoticias.com.br\/estadao\/noticia\/33928-mensalao-foi-80-politico-e-20-juridico-diz-lula-a-tv-portuguesa.html\" target=\"_blank\"><strong>80%<\/strong><\/a>\u00a0de vi\u00e9s pol\u00edtico\u201d.<\/p>\n","protected":false},"excerpt":{"rendered":"<p>O ex-presidente Lula negou, em entrevista a uma rede de TV portuguesa, ter mantido, durante seu governo, rela\u00e7\u00e3o pr\u00f3xima com qualquer um dos condenados no julgamento do mensal\u00e3o. Entre os presos, por determina\u00e7\u00e3o do Supremo Tribunal Federal (STF), est\u00e3o o ex-tesoureiro do PT Del\u00fabio Soares, o ex-presidente nacional do partido Jos\u00e9 Geno\u00edno e o ex-ministro [&hellip;]<\/p>\n","protected":false},"author":2,"featured_media":0,"comment_status":"open","ping_status":"open","sticky":false,"template":"","format":"standard","meta":{"footnotes":"","_links_to":"","_links_to_target":""},"categories":[1],"tags":[],"class_list":["post-36398","post","type-post","status-publish","format-standard","hentry","category-geral"],"views":1217,"_links":{"self":[{"href":"https:\/\/www.sudoestehoje.com.br\/novoportal\/wp-json\/wp\/v2\/posts\/36398","targetHints":{"allow":["GET"]}}],"collection":[{"href":"https:\/\/www.sudoestehoje.com.br\/novoportal\/wp-json\/wp\/v2\/posts"}],"about":[{"href":"https:\/\/www.sudoestehoje.com.br\/novoportal\/wp-json\/wp\/v2\/types\/post"}],"author":[{"embeddable":true,"href":"https:\/\/www.sudoestehoje.com.br\/novoportal\/wp-json\/wp\/v2\/users\/2"}],"replies":[{"embeddable":true,"href":"https:\/\/www.sudoestehoje.com.br\/novoportal\/wp-json\/wp\/v2\/comments?post=36398"}],"version-history":[{"count":1,"href":"https:\/\/www.sudoestehoje.com.br\/novoportal\/wp-json\/wp\/v2\/posts\/36398\/revisions"}],"predecessor-version":[{"id":36399,"href":"https:\/\/www.sudoestehoje.com.br\/novoportal\/wp-json\/wp\/v2\/posts\/36398\/revisions\/36399"}],"wp:attachment":[{"href":"https:\/\/www.sudoestehoje.com.br\/novoportal\/wp-json\/wp\/v2\/media?parent=36398"}],"wp:term":[{"taxonomy":"category","embeddable":true,"href":"https:\/\/www.sudoestehoje.com.br\/novoportal\/wp-json\/wp\/v2\/categories?post=36398"},{"taxonomy":"post_tag","embeddable":true,"href":"https:\/\/www.sudoestehoje.com.br\/novoportal\/wp-json\/wp\/v2\/tags?post=36398"}],"curies":[{"name":"wp","href":"https:\/\/api.w.org\/{rel}","templated":true}]}}