
{"id":36392,"date":"2014-04-28T00:40:39","date_gmt":"2014-04-28T03:40:39","guid":{"rendered":"http:\/\/www.sudoestehoje.com.br\/novoportal\/?p=36392"},"modified":"2014-04-28T01:32:39","modified_gmt":"2014-04-28T04:32:39","slug":"uniao-entre-jose-otavio-e-michel-hagge-repercute-na-bahia","status":"publish","type":"post","link":"https:\/\/www.sudoestehoje.com.br\/novoportal\/2014\/04\/28\/uniao-entre-jose-otavio-e-michel-hagge-repercute-na-bahia\/","title":{"rendered":"PROV\u00c1VEL UNI\u00c3O ENTRE JOS\u00c9 OT\u00c1VIO E MICHEL HAGGE REPERCUTE NA BAHIA"},"content":{"rendered":"<p><img decoding=\"async\" class=\"aligncenter\" alt=\"\" src=\"https:\/\/fbcdn-sphotos-b-a.akamaihd.net\/hphotos-ak-prn1\/t1.0-9\/1620386_621622994595772_6409734103553222367_n.jpg\" width=\"500\" \/><\/p>\n<p>ITAPETINGA: Depois do furo de reportagem do <strong><em>Sudoeste Hoje<\/em><\/strong>, que publicou em primeira m\u00e3o o encontro e o <em>&#8216;aperto de m\u00e3o&#8217;<\/em> entres os ex-prefeitos de Itapetinga, Jos\u00e9 Ot\u00e1vio Curvelo e Michel Hagge, a not\u00edcia correu toda a Bahia, repercutindo positivamente nos meios pol\u00edticos e na imprensa da capital do Estado. Confira o que diz o Pol\u00edtica Livre, um dos sites de not\u00edcia mais importantes da Bahia:<\/p>\n<p><em>&#8220;Em contato com este\u00a0<strong>Pol\u00edtica Livre<\/strong>\u00a0o vice-presidente estadual do Democratas, ex-deputado Heraldo Rocha, revelou um fato que, segundo ele, deve ser caracterizado como hist\u00f3rico na pol\u00edtica baiana. Durante encontro de pr\u00e9-campanha oposicionista em Vit\u00f3ria da Conquista, dois dos maiores l\u00edderes da pol\u00edtica de Itapetinga, dr. Jos\u00e9 Ot\u00e1vio Curvelo (DEM) e Michel Hagge (PMDB), se encontraram e selaram as pazes, ap\u00f3s rivalidade que durava mais de 20 anos. \u201cOntem com a ida da chapa \u00e0 Conquista, ocorreu algo hist\u00f3rico com duas lideran\u00e7as regionais. Michel Hagge e o dr. Jos\u00e9 Ot\u00e1vio Curvelo se encontraram e acabaram com uma rivalidade antiga. Existia uma desaven\u00e7a muito grande e acabou com a inclus\u00e3o dos dois na chapa de Paulo Souto e importante ressaltar a import\u00e2ncia dessa uni\u00e3o. Para chapa e para a Bahia essa decis\u00e3o tomada por eles \u00e9, al\u00e9m de hist\u00f3ria, de suma import\u00e2ncia para as elei\u00e7\u00f5es deste ano\u201d, ressaltou Heraldo.&#8221;<\/em><\/p>\n<p><img decoding=\"async\" class=\"aligncenter\" alt=\"\" src=\"https:\/\/fbcdn-sphotos-f-a.akamaihd.net\/hphotos-ak-frc3\/t1.0-9\/10264294_10203122770803984_3148344354060171940_n.jpg\" width=\"500\" \/><\/p>\n<p>As fotos do encontro s\u00e3o do nosso leitor <strong><em>Felizd\u00eanio Xavier<\/em><\/strong>, que nos cedeu gentilmente, e que foram divulgadas pelo <strong><em>Sudoeste Hoje<\/em><\/strong> com exclusividade. As informa\u00e7\u00f5es s\u00e3o do radialista e ex vice-prefeito de Itapetinga, <strong><em>Edilson Lima<\/em><\/strong>, que se encontrava presente no momento do hist\u00f3rico encontro e entrevistou os l\u00edderes pol\u00edticos do DEM e PMDB.<\/p>\n<p><strong><em>Por Davi Ferraz<\/em><\/strong><\/p>\n","protected":false},"excerpt":{"rendered":"<p>ITAPETINGA: Depois do furo de reportagem do Sudoeste Hoje, que publicou em primeira m\u00e3o o encontro e o &#8216;aperto de m\u00e3o&#8217; entres os ex-prefeitos de Itapetinga, Jos\u00e9 Ot\u00e1vio Curvelo e Michel Hagge, a not\u00edcia correu toda a Bahia, repercutindo positivamente nos meios pol\u00edticos e na imprensa da capital do Estado. Confira o que diz o [&hellip;]<\/p>\n","protected":false},"author":2,"featured_media":0,"comment_status":"open","ping_status":"open","sticky":false,"template":"","format":"standard","meta":{"footnotes":"","_links_to":"","_links_to_target":""},"categories":[1],"tags":[],"class_list":["post-36392","post","type-post","status-publish","format-standard","hentry","category-geral"],"views":1382,"_links":{"self":[{"href":"https:\/\/www.sudoestehoje.com.br\/novoportal\/wp-json\/wp\/v2\/posts\/36392","targetHints":{"allow":["GET"]}}],"collection":[{"href":"https:\/\/www.sudoestehoje.com.br\/novoportal\/wp-json\/wp\/v2\/posts"}],"about":[{"href":"https:\/\/www.sudoestehoje.com.br\/novoportal\/wp-json\/wp\/v2\/types\/post"}],"author":[{"embeddable":true,"href":"https:\/\/www.sudoestehoje.com.br\/novoportal\/wp-json\/wp\/v2\/users\/2"}],"replies":[{"embeddable":true,"href":"https:\/\/www.sudoestehoje.com.br\/novoportal\/wp-json\/wp\/v2\/comments?post=36392"}],"version-history":[{"count":5,"href":"https:\/\/www.sudoestehoje.com.br\/novoportal\/wp-json\/wp\/v2\/posts\/36392\/revisions"}],"predecessor-version":[{"id":36397,"href":"https:\/\/www.sudoestehoje.com.br\/novoportal\/wp-json\/wp\/v2\/posts\/36392\/revisions\/36397"}],"wp:attachment":[{"href":"https:\/\/www.sudoestehoje.com.br\/novoportal\/wp-json\/wp\/v2\/media?parent=36392"}],"wp:term":[{"taxonomy":"category","embeddable":true,"href":"https:\/\/www.sudoestehoje.com.br\/novoportal\/wp-json\/wp\/v2\/categories?post=36392"},{"taxonomy":"post_tag","embeddable":true,"href":"https:\/\/www.sudoestehoje.com.br\/novoportal\/wp-json\/wp\/v2\/tags?post=36392"}],"curies":[{"name":"wp","href":"https:\/\/api.w.org\/{rel}","templated":true}]}}