
{"id":36373,"date":"2014-04-27T20:34:37","date_gmt":"2014-04-27T23:34:37","guid":{"rendered":"http:\/\/www.sudoestehoje.com.br\/novoportal\/?p=36373"},"modified":"2014-04-27T20:34:37","modified_gmt":"2014-04-27T23:34:37","slug":"geddel-e-o-estilo-acm","status":"publish","type":"post","link":"https:\/\/www.sudoestehoje.com.br\/novoportal\/2014\/04\/27\/geddel-e-o-estilo-acm\/","title":{"rendered":"GEDDEL E O ESTILO ACM"},"content":{"rendered":"<p style=\"text-align: center;\"><a href=\"http:\/\/www.sudoestehoje.com.br\/novoportal\/wp-content\/uploads\/2014\/04\/geddel1.jpg\"><img decoding=\"async\" class=\"aligncenter  wp-image-36374\" alt=\"geddel1\" src=\"http:\/\/www.sudoestehoje.com.br\/novoportal\/wp-content\/uploads\/2014\/04\/geddel1.jpg\" width=\"157\" \/><\/a><\/p>\n<p>Cr\u00edtico mordaz de ACM, com o qual travou batalhas jur\u00eddicas e verbais hom\u00e9ricas, Geddel reconheceu, no seu discurso em Conquista, que o destino o havia aproximado do neto daquele de quem foi seu grande advers\u00e1rio, com quem diz ter \u201cuma rela\u00e7\u00e3o franca e clara\u201d, para rever suas posturas e sua compreens\u00e3o acerca do ex-senador. Mas, antes, fez quest\u00e3o de afirmar que ele e o neto de ACM t\u00eam estilos e temperamentos diferentes. <em>\u201cEle \u00e9 mais parecido com o tio, meu amigo Luis Eduardo, e eu, dizem, mais parecido com o av\u00f4 ACM\u201d<\/em>. \u00c9 a pura verdade&#8230;<\/p>\n","protected":false},"excerpt":{"rendered":"<p>Cr\u00edtico mordaz de ACM, com o qual travou batalhas jur\u00eddicas e verbais hom\u00e9ricas, Geddel reconheceu, no seu discurso em Conquista, que o destino o havia aproximado do neto daquele de quem foi seu grande advers\u00e1rio, com quem diz ter \u201cuma rela\u00e7\u00e3o franca e clara\u201d, para rever suas posturas e sua compreens\u00e3o acerca do ex-senador. Mas, [&hellip;]<\/p>\n","protected":false},"author":2,"featured_media":0,"comment_status":"open","ping_status":"open","sticky":false,"template":"","format":"standard","meta":{"footnotes":"","_links_to":"","_links_to_target":""},"categories":[11],"tags":[],"class_list":["post-36373","post","type-post","status-publish","format-standard","hentry","category-quentinhas"],"views":1335,"_links":{"self":[{"href":"https:\/\/www.sudoestehoje.com.br\/novoportal\/wp-json\/wp\/v2\/posts\/36373","targetHints":{"allow":["GET"]}}],"collection":[{"href":"https:\/\/www.sudoestehoje.com.br\/novoportal\/wp-json\/wp\/v2\/posts"}],"about":[{"href":"https:\/\/www.sudoestehoje.com.br\/novoportal\/wp-json\/wp\/v2\/types\/post"}],"author":[{"embeddable":true,"href":"https:\/\/www.sudoestehoje.com.br\/novoportal\/wp-json\/wp\/v2\/users\/2"}],"replies":[{"embeddable":true,"href":"https:\/\/www.sudoestehoje.com.br\/novoportal\/wp-json\/wp\/v2\/comments?post=36373"}],"version-history":[{"count":1,"href":"https:\/\/www.sudoestehoje.com.br\/novoportal\/wp-json\/wp\/v2\/posts\/36373\/revisions"}],"predecessor-version":[{"id":36375,"href":"https:\/\/www.sudoestehoje.com.br\/novoportal\/wp-json\/wp\/v2\/posts\/36373\/revisions\/36375"}],"wp:attachment":[{"href":"https:\/\/www.sudoestehoje.com.br\/novoportal\/wp-json\/wp\/v2\/media?parent=36373"}],"wp:term":[{"taxonomy":"category","embeddable":true,"href":"https:\/\/www.sudoestehoje.com.br\/novoportal\/wp-json\/wp\/v2\/categories?post=36373"},{"taxonomy":"post_tag","embeddable":true,"href":"https:\/\/www.sudoestehoje.com.br\/novoportal\/wp-json\/wp\/v2\/tags?post=36373"}],"curies":[{"name":"wp","href":"https:\/\/api.w.org\/{rel}","templated":true}]}}