
{"id":3633,"date":"2011-02-26T08:59:46","date_gmt":"2011-02-26T11:59:46","guid":{"rendered":"http:\/\/www.sudoestehoje.com.br\/novoportal\/?p=3633"},"modified":"2011-02-26T08:59:46","modified_gmt":"2011-02-26T11:59:46","slug":"itapetinga-sobram-candidatos-falta-gestor-publico","status":"publish","type":"post","link":"https:\/\/www.sudoestehoje.com.br\/novoportal\/2011\/02\/26\/itapetinga-sobram-candidatos-falta-gestor-publico\/","title":{"rendered":"ITAPETINGA: SOBRAM CANDIDATOS, FALTA GESTOR P\u00daBLICO"},"content":{"rendered":"<p style=\"text-align: center;\">\u00a0<a href=\"http:\/\/1.bp.blogspot.com\/_K9bgJbHpDmk\/TB_Cd7Hg8rI\/AAAAAAAAAic\/q-q7ALw1k-g\/s1600\/perfil.gif\" onblur=\"try {parent.deselectBloggerImageGracefully();} catch(e) {}\"><img decoding=\"async\" id=\"BLOGGER_PHOTO_ID_5485316690501759666\" src=\"http:\/\/1.bp.blogspot.com\/_K9bgJbHpDmk\/TB_Cd7Hg8rI\/AAAAAAAAAic\/q-q7ALw1k-g\/s400\/perfil.gif\" border=\"0\" alt=\"\" \/><\/a><br \/>\n<em><strong>Quem seria um bom gestor p\u00fablico para\u00a0governar Itapetinga?<\/strong><\/em><\/p>\n<p>\u00a0<\/p>\n<p>ITAPETINGA: Faltando um ano e quatro meses para a defini\u00e7\u00e3o das\u00a0candidaturas, aparecem como prov\u00e1veis postulantes ao cargo de prefeito, os seguintes nomes: Jos\u00e9 Ot\u00e1vio Curvelo (DEM), Virginia Hagge (PMDB), K\u00e1tia Espinheira (PMDB), Silvio Macedo (PMDB), Arnaldo Teixeira\u00a0 (sem partido),\u00a0 Jos\u00e9 Elias Ribeiro (DEM), Gilson de Jesus (PCdoB)\u00a0e, provavelmente, o vice\u00a0Edilson Lima (PR), al\u00e9m do pr\u00f3prio\u00a0prefeito Z\u00e9 Carlos (PT), candidato nato \u00e0 reelei\u00e7\u00e3o.<\/p>\n<p>Alguns s\u00e3o movidos apenas pelo carisma,\u00a0enquanto outros s\u00e3o embalados pelo apadrinhamento pol\u00edtico, puro e simples.\u00a0Agora, se algum deles tem o devido preparo para administrar o munic\u00edpio e solucionar suas car\u00eancias hist\u00f3ricas, \u00e9 outra conversa.<\/p>\n<p>Uns j\u00e1 demonstraram sua inaptid\u00e3o para a empreitada, como o atual prefeito, ficando praticamente limitados \u00a0a a\u00e7\u00f5es cosm\u00e9ticas e \u00e0 administra\u00e7\u00e3o da folha de pagamento e outras demandas relativas ao custeio da m\u00e1quina. Outros, se aventuram em um territ\u00f3rio desconhecido, movidos pelo simples desejo de satisfazerem as\u00a0suas ambi\u00e7\u00f5es pessoais.<\/p>\n<p>O\u00a0que falta, entretanto, s\u00e3o perfis de <em><strong>gestor p\u00fablico<\/strong><\/em>, algu\u00e9m que tenha se preparado, estudado e conhe\u00e7a bem as demandas e a estrutura da m\u00e1quina, que saiba administrar na dificuldade e otimizar os recursos para que a coletividade tenha o maior benef\u00edcio.<\/p>\n<p>Se n\u00e3o surgir nenhuma novidade,\u00a0prevalecer\u00e3o, mais uma vez,\u00a0o voluntarismo, os tapinhas nas costas, as promessas e a compra escancarada de votos. E n\u00e3o \u00e9 por outra raz\u00e3o que o desencanto logo substitui a esperan\u00e7a do eleitor. Mas\u00a0como a mem\u00f3ria das v\u00edtimas \u00e9 curta, o ciclo sempre se repete. Lamentavelmente.<\/p>\n<p><strong>Por Davi Ferraz<\/strong><\/p>\n","protected":false},"excerpt":{"rendered":"<p>\u00a0 Quem seria um bom gestor p\u00fablico para\u00a0governar Itapetinga? \u00a0 ITAPETINGA: Faltando um ano e quatro meses para a defini\u00e7\u00e3o das\u00a0candidaturas, aparecem como prov\u00e1veis postulantes ao cargo de prefeito, os seguintes nomes: Jos\u00e9 Ot\u00e1vio Curvelo (DEM), Virginia Hagge (PMDB), K\u00e1tia Espinheira (PMDB), Silvio Macedo (PMDB), Arnaldo Teixeira\u00a0 (sem partido),\u00a0 Jos\u00e9 Elias Ribeiro (DEM), Gilson de [&hellip;]<\/p>\n","protected":false},"author":2,"featured_media":0,"comment_status":"open","ping_status":"open","sticky":false,"template":"","format":"standard","meta":{"footnotes":"","_links_to":"","_links_to_target":""},"categories":[1],"tags":[],"class_list":["post-3633","post","type-post","status-publish","format-standard","hentry","category-geral"],"views":1855,"_links":{"self":[{"href":"https:\/\/www.sudoestehoje.com.br\/novoportal\/wp-json\/wp\/v2\/posts\/3633","targetHints":{"allow":["GET"]}}],"collection":[{"href":"https:\/\/www.sudoestehoje.com.br\/novoportal\/wp-json\/wp\/v2\/posts"}],"about":[{"href":"https:\/\/www.sudoestehoje.com.br\/novoportal\/wp-json\/wp\/v2\/types\/post"}],"author":[{"embeddable":true,"href":"https:\/\/www.sudoestehoje.com.br\/novoportal\/wp-json\/wp\/v2\/users\/2"}],"replies":[{"embeddable":true,"href":"https:\/\/www.sudoestehoje.com.br\/novoportal\/wp-json\/wp\/v2\/comments?post=3633"}],"version-history":[{"count":10,"href":"https:\/\/www.sudoestehoje.com.br\/novoportal\/wp-json\/wp\/v2\/posts\/3633\/revisions"}],"predecessor-version":[{"id":3644,"href":"https:\/\/www.sudoestehoje.com.br\/novoportal\/wp-json\/wp\/v2\/posts\/3633\/revisions\/3644"}],"wp:attachment":[{"href":"https:\/\/www.sudoestehoje.com.br\/novoportal\/wp-json\/wp\/v2\/media?parent=3633"}],"wp:term":[{"taxonomy":"category","embeddable":true,"href":"https:\/\/www.sudoestehoje.com.br\/novoportal\/wp-json\/wp\/v2\/categories?post=3633"},{"taxonomy":"post_tag","embeddable":true,"href":"https:\/\/www.sudoestehoje.com.br\/novoportal\/wp-json\/wp\/v2\/tags?post=3633"}],"curies":[{"name":"wp","href":"https:\/\/api.w.org\/{rel}","templated":true}]}}