
{"id":36322,"date":"2014-04-26T00:39:36","date_gmt":"2014-04-26T03:39:36","guid":{"rendered":"http:\/\/www.sudoestehoje.com.br\/novoportal\/?p=36322"},"modified":"2014-04-26T00:39:36","modified_gmt":"2014-04-26T03:39:36","slug":"empresa-agropecuaria-de-itapetinga-sera-homenageada-na-exposicao-nacional-do-zebu-em-uberaba","status":"publish","type":"post","link":"https:\/\/www.sudoestehoje.com.br\/novoportal\/2014\/04\/26\/empresa-agropecuaria-de-itapetinga-sera-homenageada-na-exposicao-nacional-do-zebu-em-uberaba\/","title":{"rendered":"EMPRESA AGROPECU\u00c1RIA DE ITAPETINGA SER\u00c1 HOMENAGEADA NA EXPOSI\u00c7\u00c3O NACIONAL DO ZEBU EM UBERABA"},"content":{"rendered":"<p style=\"text-align: center;\"><a href=\"http:\/\/www.sudoestehoje.com.br\/novoportal\/wp-content\/uploads\/2014\/04\/FAZENDA-EUJ\u00c1CIO.jpg\"><img decoding=\"async\" class=\"aligncenter  wp-image-36325\" alt=\"FAZENDA EUJ\u00c1CIO\" src=\"http:\/\/www.sudoestehoje.com.br\/novoportal\/wp-content\/uploads\/2014\/04\/FAZENDA-EUJ\u00c1CIO.jpg\" width=\"450\" \/><\/a><\/p>\n<p>A empresa baiana Euj\u00e1cio Sim\u00f5es Agropecu\u00e1ria (Esal) ser\u00e1 homenageada pela contribui\u00e7\u00e3o \u00e0 melhoria gen\u00e9tica da pecu\u00e1ria brasileira durante comemora\u00e7\u00f5es dos 80 anos da Associa\u00e7\u00e3o Brasileira de Criadores de Zebu (ABCZ), na Exposi\u00e7\u00e3o Nacional de Zebu, em Uberaba (MG). O evento acontece a partir de 3 de maio.<\/p>\n<p>A Esal atingiu a marca de produ\u00e7\u00e3o de cerca de 15 mil animais melhoradores \u2013 por meio de controle geneal\u00f3gico pr\u00f3prio \u2013, que se espalharam por todo territ\u00f3rio nacional. A medida permitiu a produ\u00e7\u00e3o de bovinos destinados ao abate alcan\u00e7arem o ponto ideal com dois anos de idade, quando nos anos 50 precisavam de quatro anos.<\/p>\n<p>Para desenvolver o trabalho, a empresa montou, inicialmente, centros de desenvolvimento gen\u00e9tico em Itapetinga, no conjunto de fazendas Uni\u00e3o e Estrela do Oriente. Posteriormente, criou outros n\u00facleos como disseminadores da atividade, com a implanta\u00e7\u00e3o da fazenda Carab\u00e3o, em Prado, no extremo-sul, nos anos 60, e as King Ranch e Terra do Sol, em Santana, no oeste baiano, nos anos 70, os quais foram respons\u00e1veis pela melhoria gen\u00e9tica dos rebanhos regionais, que ainda tinham influ\u00eancia do gado disseminado por Garcia D\u2019Avila.<\/p>\n<p>No final dos anos 80, a Esal buscou a democratiza\u00e7\u00e3o das vendas de seus produtos, com implanta\u00e7\u00e3o de um funcional espa\u00e7o de leil\u00f5es destinado a realiza\u00e7\u00e3o de vendas presenciais, que contavam com financiamento pr\u00f3prio da empresa, o que facilitou mais ainda o acesso dos pequenos produtores aos animais melhoradores.<\/p>\n","protected":false},"excerpt":{"rendered":"<p>A empresa baiana Euj\u00e1cio Sim\u00f5es Agropecu\u00e1ria (Esal) ser\u00e1 homenageada pela contribui\u00e7\u00e3o \u00e0 melhoria gen\u00e9tica da pecu\u00e1ria brasileira durante comemora\u00e7\u00f5es dos 80 anos da Associa\u00e7\u00e3o Brasileira de Criadores de Zebu (ABCZ), na Exposi\u00e7\u00e3o Nacional de Zebu, em Uberaba (MG). O evento acontece a partir de 3 de maio. A Esal atingiu a marca de produ\u00e7\u00e3o de [&hellip;]<\/p>\n","protected":false},"author":2,"featured_media":0,"comment_status":"open","ping_status":"open","sticky":false,"template":"","format":"standard","meta":{"footnotes":"","_links_to":"","_links_to_target":""},"categories":[1],"tags":[],"class_list":["post-36322","post","type-post","status-publish","format-standard","hentry","category-geral"],"views":1653,"_links":{"self":[{"href":"https:\/\/www.sudoestehoje.com.br\/novoportal\/wp-json\/wp\/v2\/posts\/36322","targetHints":{"allow":["GET"]}}],"collection":[{"href":"https:\/\/www.sudoestehoje.com.br\/novoportal\/wp-json\/wp\/v2\/posts"}],"about":[{"href":"https:\/\/www.sudoestehoje.com.br\/novoportal\/wp-json\/wp\/v2\/types\/post"}],"author":[{"embeddable":true,"href":"https:\/\/www.sudoestehoje.com.br\/novoportal\/wp-json\/wp\/v2\/users\/2"}],"replies":[{"embeddable":true,"href":"https:\/\/www.sudoestehoje.com.br\/novoportal\/wp-json\/wp\/v2\/comments?post=36322"}],"version-history":[{"count":3,"href":"https:\/\/www.sudoestehoje.com.br\/novoportal\/wp-json\/wp\/v2\/posts\/36322\/revisions"}],"predecessor-version":[{"id":36326,"href":"https:\/\/www.sudoestehoje.com.br\/novoportal\/wp-json\/wp\/v2\/posts\/36322\/revisions\/36326"}],"wp:attachment":[{"href":"https:\/\/www.sudoestehoje.com.br\/novoportal\/wp-json\/wp\/v2\/media?parent=36322"}],"wp:term":[{"taxonomy":"category","embeddable":true,"href":"https:\/\/www.sudoestehoje.com.br\/novoportal\/wp-json\/wp\/v2\/categories?post=36322"},{"taxonomy":"post_tag","embeddable":true,"href":"https:\/\/www.sudoestehoje.com.br\/novoportal\/wp-json\/wp\/v2\/tags?post=36322"}],"curies":[{"name":"wp","href":"https:\/\/api.w.org\/{rel}","templated":true}]}}