
{"id":36304,"date":"2014-04-24T23:54:02","date_gmt":"2014-04-25T02:54:02","guid":{"rendered":"http:\/\/www.sudoestehoje.com.br\/novoportal\/?p=36304"},"modified":"2014-04-25T01:18:57","modified_gmt":"2014-04-25T04:18:57","slug":"eleicao-da-mesa-da-camara-municipal-e-anulada-pela-justica","status":"publish","type":"post","link":"https:\/\/www.sudoestehoje.com.br\/novoportal\/2014\/04\/24\/eleicao-da-mesa-da-camara-municipal-e-anulada-pela-justica\/","title":{"rendered":"ELEI\u00c7\u00c3O DA MESA DA C\u00c2MARA MUNICIPAL N\u00c3O VALEU, RATIFICA JUIZ"},"content":{"rendered":"<div id=\"attachment_36302\" style=\"width: 510px\" class=\"wp-caption aligncenter\"><a href=\"http:\/\/www.sudoestehoje.com.br\/novoportal\/wp-content\/uploads\/2014\/04\/VALDEIR.jpg\"><img loading=\"lazy\" decoding=\"async\" aria-describedby=\"caption-attachment-36302\" class=\"size-medium wp-image-36302\" alt=\"A torcida\" src=\"http:\/\/www.sudoestehoje.com.br\/novoportal\/wp-content\/uploads\/2014\/04\/VALDEIR-500x375.jpg\" width=\"500\" height=\"375\" srcset=\"https:\/\/www.sudoestehoje.com.br\/novoportal\/wp-content\/uploads\/2014\/04\/VALDEIR-500x375.jpg 500w, https:\/\/www.sudoestehoje.com.br\/novoportal\/wp-content\/uploads\/2014\/04\/VALDEIR.jpg 640w\" sizes=\"auto, (max-width: 500px) 100vw, 500px\" \/><\/a><p id=\"caption-attachment-36302\" class=\"wp-caption-text\">A torcida &#8216;caseira&#8217; comemorou a vit\u00f3ria do vereador Valdeir Chagas, mas a elei\u00e7\u00e3o acabou sendo anulada pela justi\u00e7a, como queriam os vereadores de oposi\u00e7\u00e3o. Agora, nova elei\u00e7\u00e3o dever\u00e1 ser realizada.<\/p><\/div>\n<p>ITAPETINGA: Depois de toda a celeuma causada pela n\u00e3o concretiza\u00e7\u00e3o da medida liminar concedida pela Ju\u00edza de Direito Dra. Mirna Fraga Souza, determinando a suspens\u00e3o da sess\u00e3o legislativa do dia 16 de abril, requerida pelos vereadores de oposi\u00e7\u00e3o Naara Duarte, Renan Coelho, Tarug\u00e3o e Jo\u00e3o de Deus, a justi\u00e7a voltou a ser acionada pela vereadora Naara Duarte, desta vez atrav\u00e9s do Juiz da 1\u00aa Vara C\u00edvel Dr. Daniel Lima Falc\u00e3o, que ratificou a liminar concedida anteriormente e suspendeu todos os efeitos da contestada elei\u00e7\u00e3o interna da c\u00e2mara, que havia escolhido como novo presidente o vereador Valdeir Chagas (PDT).<\/p>\n<p>Na nova decis\u00e3o, o juiz determinou que o provimento jurisdicional anteriormente concedido (liminar) pela \u00a0ju\u00edza Mirna Fraga, suspendendo a elei\u00e7\u00e3o da mesa diretora da C\u00e2mara, fosse convertido em ordem, para que, at\u00e9 o julgamento final do Mandado de Seguran\u00e7a, todos os efeitos da tumultuada e contestada sess\u00e3o legislativa fossem considerados nulos, com se ela nunca tivesse existido. Em suma, o juiz Daniel Falc\u00e3o anulou a elei\u00e7\u00e3o realizada no dia 16 passado, como queriam os vereadores oposicionistas.<\/p>\n<p>Na sua decis\u00e3o, entretanto, o magistrado abre a possibilidade da realiza\u00e7\u00e3o de uma nova elei\u00e7\u00e3o para escolha da mesa diretora da c\u00e2mara, a qualquer tempo, desde que siga todos os requisitos previstos na Lei Org\u00e2nica do Munic\u00edpio e Regimento Interno da C\u00e2mara, dando aos partidos de oposi\u00e7\u00e3o a possibilidade de concorreram no novo pleito, em condi\u00e7\u00f5es de igualdade.<\/p>\n<p>Confira o teor da nova decis\u00e3o:\u00a0<a href=\"http:\/\/www.sudoestehoje.com.br\/novoportal\/wp-content\/uploads\/2014\/04\/Decis\u00e3o-MS.pdf\">Decis\u00e3o MS<\/a><\/p>\n<p><strong><em>Por Davi Ferraz<\/em><\/strong><\/p>\n","protected":false},"excerpt":{"rendered":"<p>ITAPETINGA: Depois de toda a celeuma causada pela n\u00e3o concretiza\u00e7\u00e3o da medida liminar concedida pela Ju\u00edza de Direito Dra. Mirna Fraga Souza, determinando a suspens\u00e3o da sess\u00e3o legislativa do dia 16 de abril, requerida pelos vereadores de oposi\u00e7\u00e3o Naara Duarte, Renan Coelho, Tarug\u00e3o e Jo\u00e3o de Deus, a justi\u00e7a voltou a ser acionada pela vereadora [&hellip;]<\/p>\n","protected":false},"author":2,"featured_media":0,"comment_status":"open","ping_status":"open","sticky":false,"template":"","format":"standard","meta":{"footnotes":"","_links_to":"","_links_to_target":""},"categories":[1],"tags":[],"class_list":["post-36304","post","type-post","status-publish","format-standard","hentry","category-geral"],"views":1244,"_links":{"self":[{"href":"https:\/\/www.sudoestehoje.com.br\/novoportal\/wp-json\/wp\/v2\/posts\/36304","targetHints":{"allow":["GET"]}}],"collection":[{"href":"https:\/\/www.sudoestehoje.com.br\/novoportal\/wp-json\/wp\/v2\/posts"}],"about":[{"href":"https:\/\/www.sudoestehoje.com.br\/novoportal\/wp-json\/wp\/v2\/types\/post"}],"author":[{"embeddable":true,"href":"https:\/\/www.sudoestehoje.com.br\/novoportal\/wp-json\/wp\/v2\/users\/2"}],"replies":[{"embeddable":true,"href":"https:\/\/www.sudoestehoje.com.br\/novoportal\/wp-json\/wp\/v2\/comments?post=36304"}],"version-history":[{"count":4,"href":"https:\/\/www.sudoestehoje.com.br\/novoportal\/wp-json\/wp\/v2\/posts\/36304\/revisions"}],"predecessor-version":[{"id":36311,"href":"https:\/\/www.sudoestehoje.com.br\/novoportal\/wp-json\/wp\/v2\/posts\/36304\/revisions\/36311"}],"wp:attachment":[{"href":"https:\/\/www.sudoestehoje.com.br\/novoportal\/wp-json\/wp\/v2\/media?parent=36304"}],"wp:term":[{"taxonomy":"category","embeddable":true,"href":"https:\/\/www.sudoestehoje.com.br\/novoportal\/wp-json\/wp\/v2\/categories?post=36304"},{"taxonomy":"post_tag","embeddable":true,"href":"https:\/\/www.sudoestehoje.com.br\/novoportal\/wp-json\/wp\/v2\/tags?post=36304"}],"curies":[{"name":"wp","href":"https:\/\/api.w.org\/{rel}","templated":true}]}}