
{"id":36293,"date":"2014-04-24T18:50:37","date_gmt":"2014-04-24T21:50:37","guid":{"rendered":"http:\/\/www.sudoestehoje.com.br\/novoportal\/?p=36293"},"modified":"2014-04-24T22:38:41","modified_gmt":"2014-04-25T01:38:41","slug":"depois-do-impasse-na-desastrada-eleicao-vereadores-baixam-o-nivel","status":"publish","type":"post","link":"https:\/\/www.sudoestehoje.com.br\/novoportal\/2014\/04\/24\/depois-do-impasse-na-desastrada-eleicao-vereadores-baixam-o-nivel\/","title":{"rendered":"DEPOIS DO IMPASSE NA DESASTRADA ELEI\u00c7\u00c3O, VEREADORES BAIXAM O N\u00cdVEL"},"content":{"rendered":"<div id=\"attachment_36295\" style=\"width: 510px\" class=\"wp-caption aligncenter\"><a href=\"http:\/\/www.sudoestehoje.com.br\/novoportal\/wp-content\/uploads\/2014\/04\/naara-e-a-urna.jpg\"><img loading=\"lazy\" decoding=\"async\" aria-describedby=\"caption-attachment-36295\" class=\"size-full wp-image-36295\" alt=\"Vereadora Naara agarrou a urna, na tentativa de impedir a vota\u00e7\u00e3o e ganhar tempo at\u00e9 a chegada dos oficiais de justi\u00e7a com a liminar que suspenderia a elei\u00e7\u00e3o.  A vota\u00e7\u00e3o acabou sendo realizada em apenas 18 minutos e quando os oficiais chegaram, n\u00e3o mais encontraram a presidente da c\u00e2mara para receber a intima\u00e7\u00e3o da justi\u00e7a. O mandado foi cumprido ou n\u00e3o? Esta \u00e9 a celeuma.\" src=\"http:\/\/www.sudoestehoje.com.br\/novoportal\/wp-content\/uploads\/2014\/04\/naara-e-a-urna.jpg\" width=\"500\" height=\"375\" \/><\/a><p id=\"caption-attachment-36295\" class=\"wp-caption-text\">Vereadora Naara agarrou a urna, na tentativa de impedir a vota\u00e7\u00e3o e ganhar tempo at\u00e9 a chegada dos oficiais de justi\u00e7a, com a liminar que suspenderia a elei\u00e7\u00e3o. A vota\u00e7\u00e3o acabou sendo realizada em apenas 18 minutos e quando os oficiais chegaram, n\u00e3o mais encontraram a presidente da c\u00e2mara para receber a intima\u00e7\u00e3o da justi\u00e7a. O mandado foi cumprido ou n\u00e3o? Esta \u00e9 a celeuma. De qualquer forma, o m\u00e9rito do Mandado de Seguran\u00e7a ser\u00e1 julgado, acabando com todas as d\u00favidas.<\/p><\/div>\n<p>A discuss\u00e3o na pol\u00edtica local, antes do feriad\u00e3o da Semana Santa, ficou por conta da tentativa de elei\u00e7\u00e3o da nova mesa diretora da c\u00e2mara, que acabou sendo barrada, atrav\u00e9s de liminar concedida pela justi\u00e7a. Mesmo assim, a celeuma ainda \u00e9 grande a respeito do ocorrido, vez que a presidente da c\u00e2mara, N\u00eddia Oliveira, ainda n\u00e3o foi encontrada pelos oficiais de justi\u00e7a, para cumprimento do mandado judicial. Enquanto isto, o &#8216;pau come&#8217; nas sess\u00f5es e nas emissoras de r\u00e1dio, cujos programas pol\u00edticos s\u00e3o apresentados por vereadores da situa\u00e7\u00e3o e oposi\u00e7\u00e3o. Confira o que est\u00e1 acontecendo, no coment\u00e1rio de Z\u00e9 Ferreira, publicado no seu blog:<\/p>\n<p><em>&#8220;O vereador Amaral voltou a comentar sobre os acontecimentos durante a suposta sess\u00e3o realizada no \u00faltimo dia 16 para eleger a nova mesa diretora para o bi\u00eanio 2015\/2014. O edil alegou em seu programa de r\u00e1dio que a vereadora Naara ao abra\u00e7ar a urna para interromper moment\u00e2nea a vota\u00e7\u00e3o e pedir espa\u00e7o para apresenta\u00e7\u00e3o da chapa de oposi\u00e7\u00e3o, cometeu falta de decoro parlamentar. Amaral se queixa de ter levado cotovelada do assessor parlamentar Jerry, que se defende acusando o vereador e seu grupo de tentar desviar o foco das ilegalidades cometidas.<\/em><\/p>\n<p><em>A ju\u00edza ao conceder \u00e0 liminar mandando suspender a sess\u00e3o de vota\u00e7\u00e3o, entendeu que a forma atropelada de tentar antecipar a elei\u00e7\u00e3o, com pouca divulga\u00e7\u00e3o e em cima da hora, tinha o claro objetivo de impedir a oposi\u00e7\u00e3o de participar do processo. Os operadores do prefeito ao antecipar o pleito, marcando a data pra menos de oito dias, obstruiu o processo que deveria ser democr\u00e1tico e participativo. Quem n\u00e3o lembra, como de outras vezes, por iniciativa de Romildo e Gama, dois vereadores eleitos por partidos de oposi\u00e7\u00e3o ficaram dias incomunic\u00e1veis na cidade de Ilh\u00e9us, e s\u00f3 retornaram a cidade na hora da vota\u00e7\u00e3o suspensa.<\/em><\/p>\n<p><em>Segundo Jerri, os v\u00eddeos gravados no dia 16 mostram claramente que n\u00e3o agrediu ningu\u00e9m. \u201cChamei aten\u00e7\u00e3o dos parlamentares governistas e assessores que estavam cometendo uma brutal ilegalidade e que muitos deles n\u00e3o teriam coragem de olhar sua imagem no espelho\u201d completou o ex-vereador.<\/em><\/p>\n<p><em>Neste momento, os articuladores do prefeito, depois de terem dado um tiro no p\u00e9 e comprovar que s\u00e3o p\u00e9ssimos estrategistas, partem para o lado pessoal como forma de contornar o desgaste. O dif\u00edcil vai ser encontrar algu\u00e9m de bom senso para acreditar nas fal\u00e1cias dos governistas, que n\u00e3o respeitaram a decis\u00e3o judicial e agora podem ser punidos.&#8221;<\/em><\/p>\n<p>T\u00e1 do jeito que a turma do prefeito gosta&#8230;<\/p>\n<p><strong><em>Por Davi Ferraz<\/em><\/strong><\/p>\n","protected":false},"excerpt":{"rendered":"<p>A discuss\u00e3o na pol\u00edtica local, antes do feriad\u00e3o da Semana Santa, ficou por conta da tentativa de elei\u00e7\u00e3o da nova mesa diretora da c\u00e2mara, que acabou sendo barrada, atrav\u00e9s de liminar concedida pela justi\u00e7a. Mesmo assim, a celeuma ainda \u00e9 grande a respeito do ocorrido, vez que a presidente da c\u00e2mara, N\u00eddia Oliveira, ainda n\u00e3o [&hellip;]<\/p>\n","protected":false},"author":2,"featured_media":0,"comment_status":"open","ping_status":"open","sticky":false,"template":"","format":"standard","meta":{"footnotes":"","_links_to":"","_links_to_target":""},"categories":[1],"tags":[],"class_list":["post-36293","post","type-post","status-publish","format-standard","hentry","category-geral"],"views":1402,"_links":{"self":[{"href":"https:\/\/www.sudoestehoje.com.br\/novoportal\/wp-json\/wp\/v2\/posts\/36293","targetHints":{"allow":["GET"]}}],"collection":[{"href":"https:\/\/www.sudoestehoje.com.br\/novoportal\/wp-json\/wp\/v2\/posts"}],"about":[{"href":"https:\/\/www.sudoestehoje.com.br\/novoportal\/wp-json\/wp\/v2\/types\/post"}],"author":[{"embeddable":true,"href":"https:\/\/www.sudoestehoje.com.br\/novoportal\/wp-json\/wp\/v2\/users\/2"}],"replies":[{"embeddable":true,"href":"https:\/\/www.sudoestehoje.com.br\/novoportal\/wp-json\/wp\/v2\/comments?post=36293"}],"version-history":[{"count":3,"href":"https:\/\/www.sudoestehoje.com.br\/novoportal\/wp-json\/wp\/v2\/posts\/36293\/revisions"}],"predecessor-version":[{"id":36297,"href":"https:\/\/www.sudoestehoje.com.br\/novoportal\/wp-json\/wp\/v2\/posts\/36293\/revisions\/36297"}],"wp:attachment":[{"href":"https:\/\/www.sudoestehoje.com.br\/novoportal\/wp-json\/wp\/v2\/media?parent=36293"}],"wp:term":[{"taxonomy":"category","embeddable":true,"href":"https:\/\/www.sudoestehoje.com.br\/novoportal\/wp-json\/wp\/v2\/categories?post=36293"},{"taxonomy":"post_tag","embeddable":true,"href":"https:\/\/www.sudoestehoje.com.br\/novoportal\/wp-json\/wp\/v2\/tags?post=36293"}],"curies":[{"name":"wp","href":"https:\/\/api.w.org\/{rel}","templated":true}]}}