
{"id":36284,"date":"2014-04-24T14:08:51","date_gmt":"2014-04-24T17:08:51","guid":{"rendered":"http:\/\/www.sudoestehoje.com.br\/novoportal\/?p=36284"},"modified":"2014-04-24T14:22:58","modified_gmt":"2014-04-24T17:22:58","slug":"babau-e-preso-pela-policia-federal","status":"publish","type":"post","link":"https:\/\/www.sudoestehoje.com.br\/novoportal\/2014\/04\/24\/babau-e-preso-pela-policia-federal\/","title":{"rendered":"BABAU \u00c9 PRESO PELA POL\u00cdCIA FEDERAL E HABEAS CORPUS \u00c9 NEGADO PELO TJ"},"content":{"rendered":"<p><a href=\"http:\/\/www.sudoestehoje.com.br\/novoportal\/wp-content\/uploads\/2014\/04\/babau.jpg\"><img loading=\"lazy\" decoding=\"async\" class=\"aligncenter size-medium wp-image-36285\" alt=\"babau\" src=\"http:\/\/www.sudoestehoje.com.br\/novoportal\/wp-content\/uploads\/2014\/04\/babau-500x333.jpg\" width=\"500\" height=\"333\" srcset=\"https:\/\/www.sudoestehoje.com.br\/novoportal\/wp-content\/uploads\/2014\/04\/babau-500x333.jpg 500w, https:\/\/www.sudoestehoje.com.br\/novoportal\/wp-content\/uploads\/2014\/04\/babau-700x466.jpg 700w, https:\/\/www.sudoestehoje.com.br\/novoportal\/wp-content\/uploads\/2014\/04\/babau.jpg 800w\" sizes=\"auto, (max-width: 500px) 100vw, 500px\" \/><\/a><\/p>\n<p>O cacique de &#8216;araque&#8217; Rosivaldo Ferreira, conhecido por &#8216;Babau&#8217;, decidiu se entregar \u00e0 Pol\u00edcia Federal hoje pela manh\u00e3, em Bras\u00edlia, durante audi\u00eancia das comiss\u00f5es de Direitos Humanos da C\u00e2mara e do Senado, no Congresso Nacional, informa o site\u00a0<em>Racismo Ambiental<\/em>.<\/p>\n<p>Desde o dia 20 de fevereiro, a Justi\u00e7a de Una havia decretado a pris\u00e3o tempor\u00e1ria do l\u00edder dos tupinamb\u00e1s, acusado de envolvimento na morte do agricultor Juraci Santana, do Assentamento Ipiranga, em Una. O produtor foi assassinado na madrugada do dia 11 de fevereiro.<\/p>\n<p>A pris\u00e3o havia sido decretada pelo juiz Maur\u00edcio \u00c1lvares Barra, da Vara Criminal da Justi\u00e7a de Una, ap\u00f3s v\u00e1rias tentativas de localiza\u00e7\u00e3o de Babau e outras oito pessoas procuradas por ter algum envolvimento na morte do agricultor.<\/p>\n<p>O Tribunal de Justi\u00e7a da Bahia (TJ-BA) negou o pedido de habeas corpus requerido em favor do suposto &#8216;cacique&#8217; \u00a0Tupinamb\u00e1. A decis\u00e3o foi publicada na quarta-feira (23), no Di\u00e1rio da Justi\u00e7a Eletr\u00f4nico.<\/p>\n","protected":false},"excerpt":{"rendered":"<p>O cacique de &#8216;araque&#8217; Rosivaldo Ferreira, conhecido por &#8216;Babau&#8217;, decidiu se entregar \u00e0 Pol\u00edcia Federal hoje pela manh\u00e3, em Bras\u00edlia, durante audi\u00eancia das comiss\u00f5es de Direitos Humanos da C\u00e2mara e do Senado, no Congresso Nacional, informa o site\u00a0Racismo Ambiental. Desde o dia 20 de fevereiro, a Justi\u00e7a de Una havia decretado a pris\u00e3o tempor\u00e1ria do [&hellip;]<\/p>\n","protected":false},"author":2,"featured_media":0,"comment_status":"open","ping_status":"open","sticky":false,"template":"","format":"standard","meta":{"footnotes":"","_links_to":"","_links_to_target":""},"categories":[1],"tags":[],"class_list":["post-36284","post","type-post","status-publish","format-standard","hentry","category-geral"],"views":1351,"_links":{"self":[{"href":"https:\/\/www.sudoestehoje.com.br\/novoportal\/wp-json\/wp\/v2\/posts\/36284","targetHints":{"allow":["GET"]}}],"collection":[{"href":"https:\/\/www.sudoestehoje.com.br\/novoportal\/wp-json\/wp\/v2\/posts"}],"about":[{"href":"https:\/\/www.sudoestehoje.com.br\/novoportal\/wp-json\/wp\/v2\/types\/post"}],"author":[{"embeddable":true,"href":"https:\/\/www.sudoestehoje.com.br\/novoportal\/wp-json\/wp\/v2\/users\/2"}],"replies":[{"embeddable":true,"href":"https:\/\/www.sudoestehoje.com.br\/novoportal\/wp-json\/wp\/v2\/comments?post=36284"}],"version-history":[{"count":7,"href":"https:\/\/www.sudoestehoje.com.br\/novoportal\/wp-json\/wp\/v2\/posts\/36284\/revisions"}],"predecessor-version":[{"id":36292,"href":"https:\/\/www.sudoestehoje.com.br\/novoportal\/wp-json\/wp\/v2\/posts\/36284\/revisions\/36292"}],"wp:attachment":[{"href":"https:\/\/www.sudoestehoje.com.br\/novoportal\/wp-json\/wp\/v2\/media?parent=36284"}],"wp:term":[{"taxonomy":"category","embeddable":true,"href":"https:\/\/www.sudoestehoje.com.br\/novoportal\/wp-json\/wp\/v2\/categories?post=36284"},{"taxonomy":"post_tag","embeddable":true,"href":"https:\/\/www.sudoestehoje.com.br\/novoportal\/wp-json\/wp\/v2\/tags?post=36284"}],"curies":[{"name":"wp","href":"https:\/\/api.w.org\/{rel}","templated":true}]}}