
{"id":36280,"date":"2014-04-24T12:54:29","date_gmt":"2014-04-24T15:54:29","guid":{"rendered":"http:\/\/www.sudoestehoje.com.br\/novoportal\/?p=36280"},"modified":"2014-04-24T12:56:32","modified_gmt":"2014-04-24T15:56:32","slug":"paulo-souto-joaci-geddel-e-acm-neto-em-conquista-neste-sabado","status":"publish","type":"post","link":"https:\/\/www.sudoestehoje.com.br\/novoportal\/2014\/04\/24\/paulo-souto-joaci-geddel-e-acm-neto-em-conquista-neste-sabado\/","title":{"rendered":"PAULO SOUTO, JOACI, GEDDEL E ACM NETO EM CONQUISTA NESTE S\u00c1BADO"},"content":{"rendered":"<p><a href=\"http:\/\/www.sudoestehoje.com.br\/novoportal\/wp-content\/uploads\/2014\/04\/CHAPA2.jpg\"><img loading=\"lazy\" decoding=\"async\" class=\"aligncenter size-full wp-image-36281\" alt=\"CHAPA\" src=\"http:\/\/www.sudoestehoje.com.br\/novoportal\/wp-content\/uploads\/2014\/04\/CHAPA2.jpg\" width=\"500\" height=\"300\" \/><\/a><\/p>\n<p>Ap\u00f3s an\u00fancio da chapa majorit\u00e1ria, integrada pelos partidos de oposi\u00e7\u00e3o, os pr\u00e9-candidatos Paulo Souto (Governador), Joaci G\u00f3es (vice) e Geddel Vieira Lima (Senado), acompanhados pelo prefeito de Salvador, ACM Neto e comitiva, a cidade de Vit\u00f3ria da Conquista foi escolhida para primeira viagem para um encontro das oposi\u00e7\u00f5es na capital do Sudoeste da Bahia. Neto, o prefeito mais bem avaliado do Brasil foi o principal articulador e respons\u00e1vel pela unidade das oposi\u00e7\u00f5es.<\/p>\n<p>O espa\u00e7o Rafik, localizado na Av. Vivaldo Mendes, perto da Pra\u00e7a do Gil, ser\u00e1 palco do encontro que contar\u00e1 tamb\u00e9m com deputados, prefeitos, vereadores, ex-prefeitos e ex-vereadores e outras lideran\u00e7as da regi\u00e3o. O formato do encontro visa apresentar aos aliados a chapa oficial e ser\u00e1 permitido uma conversa sobre o momento pol\u00edtico do Estado. Blog da Resenha Geral<\/p>\n","protected":false},"excerpt":{"rendered":"<p>Ap\u00f3s an\u00fancio da chapa majorit\u00e1ria, integrada pelos partidos de oposi\u00e7\u00e3o, os pr\u00e9-candidatos Paulo Souto (Governador), Joaci G\u00f3es (vice) e Geddel Vieira Lima (Senado), acompanhados pelo prefeito de Salvador, ACM Neto e comitiva, a cidade de Vit\u00f3ria da Conquista foi escolhida para primeira viagem para um encontro das oposi\u00e7\u00f5es na capital do Sudoeste da Bahia. Neto, [&hellip;]<\/p>\n","protected":false},"author":2,"featured_media":0,"comment_status":"open","ping_status":"open","sticky":false,"template":"","format":"standard","meta":{"footnotes":"","_links_to":"","_links_to_target":""},"categories":[1],"tags":[],"class_list":["post-36280","post","type-post","status-publish","format-standard","hentry","category-geral"],"views":1353,"_links":{"self":[{"href":"https:\/\/www.sudoestehoje.com.br\/novoportal\/wp-json\/wp\/v2\/posts\/36280","targetHints":{"allow":["GET"]}}],"collection":[{"href":"https:\/\/www.sudoestehoje.com.br\/novoportal\/wp-json\/wp\/v2\/posts"}],"about":[{"href":"https:\/\/www.sudoestehoje.com.br\/novoportal\/wp-json\/wp\/v2\/types\/post"}],"author":[{"embeddable":true,"href":"https:\/\/www.sudoestehoje.com.br\/novoportal\/wp-json\/wp\/v2\/users\/2"}],"replies":[{"embeddable":true,"href":"https:\/\/www.sudoestehoje.com.br\/novoportal\/wp-json\/wp\/v2\/comments?post=36280"}],"version-history":[{"count":2,"href":"https:\/\/www.sudoestehoje.com.br\/novoportal\/wp-json\/wp\/v2\/posts\/36280\/revisions"}],"predecessor-version":[{"id":36283,"href":"https:\/\/www.sudoestehoje.com.br\/novoportal\/wp-json\/wp\/v2\/posts\/36280\/revisions\/36283"}],"wp:attachment":[{"href":"https:\/\/www.sudoestehoje.com.br\/novoportal\/wp-json\/wp\/v2\/media?parent=36280"}],"wp:term":[{"taxonomy":"category","embeddable":true,"href":"https:\/\/www.sudoestehoje.com.br\/novoportal\/wp-json\/wp\/v2\/categories?post=36280"},{"taxonomy":"post_tag","embeddable":true,"href":"https:\/\/www.sudoestehoje.com.br\/novoportal\/wp-json\/wp\/v2\/tags?post=36280"}],"curies":[{"name":"wp","href":"https:\/\/api.w.org\/{rel}","templated":true}]}}