
{"id":36276,"date":"2014-04-24T12:49:49","date_gmt":"2014-04-24T15:49:49","guid":{"rendered":"http:\/\/www.sudoestehoje.com.br\/novoportal\/?p=36276"},"modified":"2014-04-24T12:49:49","modified_gmt":"2014-04-24T15:49:49","slug":"policiais-civis-aprovam-nova-paralisacao-para-os-dias-6-e-7-de-maio","status":"publish","type":"post","link":"https:\/\/www.sudoestehoje.com.br\/novoportal\/2014\/04\/24\/policiais-civis-aprovam-nova-paralisacao-para-os-dias-6-e-7-de-maio\/","title":{"rendered":"POLICIAIS CIVIS APROVAM NOVA PARALISA\u00c7\u00c3O PARA OS DIAS 6 E 7 DE MAIO"},"content":{"rendered":"<p style=\"text-align: center;\"><a href=\"http:\/\/www.sudoestehoje.com.br\/novoportal\/wp-content\/uploads\/2014\/04\/CIVIL.jpg\"><img loading=\"lazy\" decoding=\"async\" class=\"size-full wp-image-36278 alignleft\" alt=\"SONY DSC\" src=\"http:\/\/www.sudoestehoje.com.br\/novoportal\/wp-content\/uploads\/2014\/04\/CIVIL.jpg\" width=\"300\" height=\"190\" \/><\/a><\/p>\n<p>Os policiais civis da Bahia decidiram realizar uma nova paralisa\u00e7\u00e3o de 48h nos dias 6 e 7 de maio. A categoria reivindica celeridade na aprova\u00e7\u00e3o da aposentadoria especial e discuss\u00e3o imediata do novo modelo de gest\u00e3o da Pol\u00edcia Civil.<\/p>\n<p>A decis\u00e3o aconteceu em assembleia realizada na manh\u00e3 da \u00faltima quarta-feira (23), pelo Sindicato dos Policiais Civis da Bahia (Sindpoc), em Salvador. De acordo com o sindicato, a categoria tamb\u00e9m aprovou indicativo de greve. No entanto, a greve ser\u00e1 deliberada apenas em conjunto com os servidores estaduais de outros setores como sa\u00fade e educa\u00e7\u00e3o, para pressionar o governo a pagar a URV.<\/p>\n","protected":false},"excerpt":{"rendered":"<p>Os policiais civis da Bahia decidiram realizar uma nova paralisa\u00e7\u00e3o de 48h nos dias 6 e 7 de maio. A categoria reivindica celeridade na aprova\u00e7\u00e3o da aposentadoria especial e discuss\u00e3o imediata do novo modelo de gest\u00e3o da Pol\u00edcia Civil. A decis\u00e3o aconteceu em assembleia realizada na manh\u00e3 da \u00faltima quarta-feira (23), pelo Sindicato dos Policiais [&hellip;]<\/p>\n","protected":false},"author":2,"featured_media":0,"comment_status":"open","ping_status":"open","sticky":false,"template":"","format":"standard","meta":{"footnotes":"","_links_to":"","_links_to_target":""},"categories":[1],"tags":[],"class_list":["post-36276","post","type-post","status-publish","format-standard","hentry","category-geral"],"views":1157,"_links":{"self":[{"href":"https:\/\/www.sudoestehoje.com.br\/novoportal\/wp-json\/wp\/v2\/posts\/36276","targetHints":{"allow":["GET"]}}],"collection":[{"href":"https:\/\/www.sudoestehoje.com.br\/novoportal\/wp-json\/wp\/v2\/posts"}],"about":[{"href":"https:\/\/www.sudoestehoje.com.br\/novoportal\/wp-json\/wp\/v2\/types\/post"}],"author":[{"embeddable":true,"href":"https:\/\/www.sudoestehoje.com.br\/novoportal\/wp-json\/wp\/v2\/users\/2"}],"replies":[{"embeddable":true,"href":"https:\/\/www.sudoestehoje.com.br\/novoportal\/wp-json\/wp\/v2\/comments?post=36276"}],"version-history":[{"count":1,"href":"https:\/\/www.sudoestehoje.com.br\/novoportal\/wp-json\/wp\/v2\/posts\/36276\/revisions"}],"predecessor-version":[{"id":36279,"href":"https:\/\/www.sudoestehoje.com.br\/novoportal\/wp-json\/wp\/v2\/posts\/36276\/revisions\/36279"}],"wp:attachment":[{"href":"https:\/\/www.sudoestehoje.com.br\/novoportal\/wp-json\/wp\/v2\/media?parent=36276"}],"wp:term":[{"taxonomy":"category","embeddable":true,"href":"https:\/\/www.sudoestehoje.com.br\/novoportal\/wp-json\/wp\/v2\/categories?post=36276"},{"taxonomy":"post_tag","embeddable":true,"href":"https:\/\/www.sudoestehoje.com.br\/novoportal\/wp-json\/wp\/v2\/tags?post=36276"}],"curies":[{"name":"wp","href":"https:\/\/api.w.org\/{rel}","templated":true}]}}