
{"id":36265,"date":"2014-04-24T10:41:51","date_gmt":"2014-04-24T13:41:51","guid":{"rendered":"http:\/\/www.sudoestehoje.com.br\/novoportal\/?p=36265"},"modified":"2014-04-24T12:23:28","modified_gmt":"2014-04-24T15:23:28","slug":"petrobras-lula-e-wagner-tentam-calar-a-boca-de-gabrielli","status":"publish","type":"post","link":"https:\/\/www.sudoestehoje.com.br\/novoportal\/2014\/04\/24\/petrobras-lula-e-wagner-tentam-calar-a-boca-de-gabrielli\/","title":{"rendered":"PETROBRAS: LULA E WAGNER TENTAM CALAR A BOCA DE GABRIELLI"},"content":{"rendered":"<p><a href=\"http:\/\/www.sudoestehoje.com.br\/novoportal\/wp-content\/uploads\/2014\/04\/maos-sujas.png\"><img loading=\"lazy\" decoding=\"async\" class=\"aligncenter size-medium wp-image-36266\" alt=\"maos sujas\" src=\"http:\/\/www.sudoestehoje.com.br\/novoportal\/wp-content\/uploads\/2014\/04\/maos-sujas-500x276.png\" width=\"500\" height=\"276\" srcset=\"https:\/\/www.sudoestehoje.com.br\/novoportal\/wp-content\/uploads\/2014\/04\/maos-sujas-500x276.png 500w, https:\/\/www.sudoestehoje.com.br\/novoportal\/wp-content\/uploads\/2014\/04\/maos-sujas.png 626w\" sizes=\"auto, (max-width: 500px) 100vw, 500px\" \/><\/a><\/p>\n<p>O ex-presidente Lula e o governador da Bahia, Jaques Wagner (PT), foram acionados para tentar \u201cacalmar\u201d o ex-presidente da Petrobras Sergio Gabrielli. Irritado, ele afirmou que a presidenta Dilma Rousseff, ent\u00e3o presidente do conselho de administra\u00e7\u00e3o da estatal, \u201cprecisa assumir as responsabilidades dela\u201d pela decis\u00e3o de comprar por US$ 1,3 bilh\u00e3o a refinaria norte-americana avaliada em US$ 42,5 milh\u00f5es.<\/p>\n<p>O MANDANTE &#8211;\u00a0Lula anda preocupado porque decis\u00f5es t\u00e3o importantes, como comprar a refinaria, passavam por ele. E sabe que o caso impactar\u00e1 na elei\u00e7\u00e3o.<\/p>\n<p>TIRANDO O CORPO &#8211; Ap\u00f3s o caso ser denunciado, Dilma informou em nota que um parecer do ex-diretor Nestor Cerver\u00f3 a induziu ao erro de aprovar o neg\u00f3cio.<\/p>\n<p>MAU NEG\u00d3CIO &#8211;\u00a0Tamb\u00e9m irritou Gabrielli a afirma\u00e7\u00e3o de Gra\u00e7a Foster, que o substituiu na presid\u00eancia da Petrobras, de que a refinaria foi um mau neg\u00f3cio.<\/p>\n<p>AT\u00c9 O PESCO\u00c7O &#8211; Indicado por Jaques Wagner, Sergio Gabrielli presidia a Petrobras em 2006, quando foi fechado o neg\u00f3cio da refinaria de Pasadena. Esc\u00e2ndalo pode atingir Wagner.\u00a0<em>Coluna Di\u00e1rio do Poder &#8211; Cl\u00e1udio Humberto<\/em><\/p>\n","protected":false},"excerpt":{"rendered":"<p>O ex-presidente Lula e o governador da Bahia, Jaques Wagner (PT), foram acionados para tentar \u201cacalmar\u201d o ex-presidente da Petrobras Sergio Gabrielli. Irritado, ele afirmou que a presidenta Dilma Rousseff, ent\u00e3o presidente do conselho de administra\u00e7\u00e3o da estatal, \u201cprecisa assumir as responsabilidades dela\u201d pela decis\u00e3o de comprar por US$ 1,3 bilh\u00e3o a refinaria norte-americana avaliada [&hellip;]<\/p>\n","protected":false},"author":2,"featured_media":0,"comment_status":"open","ping_status":"open","sticky":false,"template":"","format":"standard","meta":{"footnotes":"","_links_to":"","_links_to_target":""},"categories":[1],"tags":[],"class_list":["post-36265","post","type-post","status-publish","format-standard","hentry","category-geral"],"views":1316,"_links":{"self":[{"href":"https:\/\/www.sudoestehoje.com.br\/novoportal\/wp-json\/wp\/v2\/posts\/36265","targetHints":{"allow":["GET"]}}],"collection":[{"href":"https:\/\/www.sudoestehoje.com.br\/novoportal\/wp-json\/wp\/v2\/posts"}],"about":[{"href":"https:\/\/www.sudoestehoje.com.br\/novoportal\/wp-json\/wp\/v2\/types\/post"}],"author":[{"embeddable":true,"href":"https:\/\/www.sudoestehoje.com.br\/novoportal\/wp-json\/wp\/v2\/users\/2"}],"replies":[{"embeddable":true,"href":"https:\/\/www.sudoestehoje.com.br\/novoportal\/wp-json\/wp\/v2\/comments?post=36265"}],"version-history":[{"count":3,"href":"https:\/\/www.sudoestehoje.com.br\/novoportal\/wp-json\/wp\/v2\/posts\/36265\/revisions"}],"predecessor-version":[{"id":36275,"href":"https:\/\/www.sudoestehoje.com.br\/novoportal\/wp-json\/wp\/v2\/posts\/36265\/revisions\/36275"}],"wp:attachment":[{"href":"https:\/\/www.sudoestehoje.com.br\/novoportal\/wp-json\/wp\/v2\/media?parent=36265"}],"wp:term":[{"taxonomy":"category","embeddable":true,"href":"https:\/\/www.sudoestehoje.com.br\/novoportal\/wp-json\/wp\/v2\/categories?post=36265"},{"taxonomy":"post_tag","embeddable":true,"href":"https:\/\/www.sudoestehoje.com.br\/novoportal\/wp-json\/wp\/v2\/tags?post=36265"}],"curies":[{"name":"wp","href":"https:\/\/api.w.org\/{rel}","templated":true}]}}