
{"id":36262,"date":"2014-04-24T00:49:03","date_gmt":"2014-04-24T03:49:03","guid":{"rendered":"http:\/\/www.sudoestehoje.com.br\/novoportal\/?p=36262"},"modified":"2014-04-24T00:49:03","modified_gmt":"2014-04-24T03:49:03","slug":"ministra-do-supremo-determina-cpi-exclusiva-da-petrobras","status":"publish","type":"post","link":"https:\/\/www.sudoestehoje.com.br\/novoportal\/2014\/04\/24\/ministra-do-supremo-determina-cpi-exclusiva-da-petrobras\/","title":{"rendered":"MINISTRA DO SUPREMO DETERMINA CPI EXCLUSIVA DA PETROBRAS"},"content":{"rendered":"<p style=\"text-align: center;\"><a href=\"http:\/\/www.sudoestehoje.com.br\/novoportal\/wp-content\/uploads\/2014\/04\/Rosa-Weber.jpg\"><img decoding=\"async\" class=\"aligncenter  wp-image-36263\" alt=\"Rosa-Weber\" src=\"http:\/\/www.sudoestehoje.com.br\/novoportal\/wp-content\/uploads\/2014\/04\/Rosa-Weber.jpg\" width=\"450\" \/><\/a><\/p>\n<p><em>O Globo<\/em><\/p>\n<p>BRAS\u00cdLIA &#8211; A ministra Rosa Weber, do Supremo Tribunal Federal (STF), derrubou a manobra governista e determinou a instala\u00e7\u00e3o de uma CPI no Senado para investigar exclusivamente fraudes nos neg\u00f3cios da Petrobras, como queria a oposi\u00e7\u00e3o. A decis\u00e3o foi tomada em car\u00e1ter liminar (provis\u00f3rio), at\u00e9 que o plen\u00e1rio da Corte julgue o m\u00e9rito da quest\u00e3o. A ministra ordenou a instala\u00e7\u00e3o da CPI \u201cn\u00e3o com o objeto alargado do requerimento 303, de 2014 [da base governista], e sim com o objeto restrito proposto no requerimento 302, de 2014\u201d. A decis\u00e3o foi divulgada \u00e0s 22h de ontem, sem a \u00edntegra do texto da ministra.<\/p>\n<p>A liminar foi dada no julgamento de duas a\u00e7\u00f5es ajuizadas por parlamentares da base governista e da oposi\u00e7\u00e3o. O primeiro grupo queria uma CPI ampla, em que fossem apuradas den\u00fancias de irregularidades na Petrobras junto com assuntos relacionados ao cartel do Metr\u00f4 de S\u00e3o Paulo e a irregularidades na refinaria Abreu e Lima e no Porto de Suape, em Pernambuco. A oposi\u00e7\u00e3o estava interessada em uma comiss\u00e3o criada exclusivamente para investigar fraudes em neg\u00f3cios da Petrobras.<\/p>\n","protected":false},"excerpt":{"rendered":"<p>O Globo BRAS\u00cdLIA &#8211; A ministra Rosa Weber, do Supremo Tribunal Federal (STF), derrubou a manobra governista e determinou a instala\u00e7\u00e3o de uma CPI no Senado para investigar exclusivamente fraudes nos neg\u00f3cios da Petrobras, como queria a oposi\u00e7\u00e3o. A decis\u00e3o foi tomada em car\u00e1ter liminar (provis\u00f3rio), at\u00e9 que o plen\u00e1rio da Corte julgue o m\u00e9rito [&hellip;]<\/p>\n","protected":false},"author":2,"featured_media":0,"comment_status":"open","ping_status":"open","sticky":false,"template":"","format":"standard","meta":{"footnotes":"","_links_to":"","_links_to_target":""},"categories":[1],"tags":[],"class_list":["post-36262","post","type-post","status-publish","format-standard","hentry","category-geral"],"views":1145,"_links":{"self":[{"href":"https:\/\/www.sudoestehoje.com.br\/novoportal\/wp-json\/wp\/v2\/posts\/36262","targetHints":{"allow":["GET"]}}],"collection":[{"href":"https:\/\/www.sudoestehoje.com.br\/novoportal\/wp-json\/wp\/v2\/posts"}],"about":[{"href":"https:\/\/www.sudoestehoje.com.br\/novoportal\/wp-json\/wp\/v2\/types\/post"}],"author":[{"embeddable":true,"href":"https:\/\/www.sudoestehoje.com.br\/novoportal\/wp-json\/wp\/v2\/users\/2"}],"replies":[{"embeddable":true,"href":"https:\/\/www.sudoestehoje.com.br\/novoportal\/wp-json\/wp\/v2\/comments?post=36262"}],"version-history":[{"count":1,"href":"https:\/\/www.sudoestehoje.com.br\/novoportal\/wp-json\/wp\/v2\/posts\/36262\/revisions"}],"predecessor-version":[{"id":36264,"href":"https:\/\/www.sudoestehoje.com.br\/novoportal\/wp-json\/wp\/v2\/posts\/36262\/revisions\/36264"}],"wp:attachment":[{"href":"https:\/\/www.sudoestehoje.com.br\/novoportal\/wp-json\/wp\/v2\/media?parent=36262"}],"wp:term":[{"taxonomy":"category","embeddable":true,"href":"https:\/\/www.sudoestehoje.com.br\/novoportal\/wp-json\/wp\/v2\/categories?post=36262"},{"taxonomy":"post_tag","embeddable":true,"href":"https:\/\/www.sudoestehoje.com.br\/novoportal\/wp-json\/wp\/v2\/tags?post=36262"}],"curies":[{"name":"wp","href":"https:\/\/api.w.org\/{rel}","templated":true}]}}