
{"id":36253,"date":"2014-04-23T21:54:58","date_gmt":"2014-04-24T00:54:58","guid":{"rendered":"http:\/\/www.sudoestehoje.com.br\/novoportal\/?p=36253"},"modified":"2014-04-23T22:18:14","modified_gmt":"2014-04-24T01:18:14","slug":"supremo-nega-habeas-corpus-a-prisco","status":"publish","type":"post","link":"https:\/\/www.sudoestehoje.com.br\/novoportal\/2014\/04\/23\/supremo-nega-habeas-corpus-a-prisco\/","title":{"rendered":"SUPREMO NEGA HABEAS CORPUS A PRISCO"},"content":{"rendered":"<p style=\"text-align: center;\"><a href=\"http:\/\/www.sudoestehoje.com.br\/novoportal\/wp-content\/uploads\/2014\/04\/PRISCO.jpg\"><img decoding=\"async\" class=\"aligncenter  wp-image-36255\" alt=\"PRISCO\" src=\"http:\/\/www.sudoestehoje.com.br\/novoportal\/wp-content\/uploads\/2014\/04\/PRISCO.jpg\" width=\"450\" \/><\/a><\/p>\n<p>O ministro Ricardo Lewandowski, do Supremo Tribunal Federal (STF), negou nesta quarta-feira (23), o habeas corpus que pede a liberta\u00e7\u00e3o do vereador e l\u00edder da greve da PM da Bahia Marco Prisco (PSDB). Marco Prisco est\u00e1 preso no Complexo da Papuda, no Distrito Federal, a pedido do Minist\u00e9rio P\u00fablico Federal desde o \u00faltimo s\u00e1bado (19) afirmando que a medida seria \u201cpara a garantia da ordem p\u00fablica\u201d. Ainda segundo o \u00f3rg\u00e3o, \u201co denunciado liderou a realiza\u00e7\u00e3o de tr\u00eas greves ilegais de policiais militares no estado da Bahia e de consequ\u00eancias nefastas para os cidad\u00e3os baianos\u201d.<\/p>\n","protected":false},"excerpt":{"rendered":"<p>O ministro Ricardo Lewandowski, do Supremo Tribunal Federal (STF), negou nesta quarta-feira (23), o habeas corpus que pede a liberta\u00e7\u00e3o do vereador e l\u00edder da greve da PM da Bahia Marco Prisco (PSDB). Marco Prisco est\u00e1 preso no Complexo da Papuda, no Distrito Federal, a pedido do Minist\u00e9rio P\u00fablico Federal desde o \u00faltimo s\u00e1bado (19) [&hellip;]<\/p>\n","protected":false},"author":2,"featured_media":0,"comment_status":"open","ping_status":"open","sticky":false,"template":"","format":"standard","meta":{"footnotes":"","_links_to":"","_links_to_target":""},"categories":[1],"tags":[],"class_list":["post-36253","post","type-post","status-publish","format-standard","hentry","category-geral"],"views":1178,"_links":{"self":[{"href":"https:\/\/www.sudoestehoje.com.br\/novoportal\/wp-json\/wp\/v2\/posts\/36253","targetHints":{"allow":["GET"]}}],"collection":[{"href":"https:\/\/www.sudoestehoje.com.br\/novoportal\/wp-json\/wp\/v2\/posts"}],"about":[{"href":"https:\/\/www.sudoestehoje.com.br\/novoportal\/wp-json\/wp\/v2\/types\/post"}],"author":[{"embeddable":true,"href":"https:\/\/www.sudoestehoje.com.br\/novoportal\/wp-json\/wp\/v2\/users\/2"}],"replies":[{"embeddable":true,"href":"https:\/\/www.sudoestehoje.com.br\/novoportal\/wp-json\/wp\/v2\/comments?post=36253"}],"version-history":[{"count":3,"href":"https:\/\/www.sudoestehoje.com.br\/novoportal\/wp-json\/wp\/v2\/posts\/36253\/revisions"}],"predecessor-version":[{"id":36257,"href":"https:\/\/www.sudoestehoje.com.br\/novoportal\/wp-json\/wp\/v2\/posts\/36253\/revisions\/36257"}],"wp:attachment":[{"href":"https:\/\/www.sudoestehoje.com.br\/novoportal\/wp-json\/wp\/v2\/media?parent=36253"}],"wp:term":[{"taxonomy":"category","embeddable":true,"href":"https:\/\/www.sudoestehoje.com.br\/novoportal\/wp-json\/wp\/v2\/categories?post=36253"},{"taxonomy":"post_tag","embeddable":true,"href":"https:\/\/www.sudoestehoje.com.br\/novoportal\/wp-json\/wp\/v2\/tags?post=36253"}],"curies":[{"name":"wp","href":"https:\/\/api.w.org\/{rel}","templated":true}]}}