
{"id":36250,"date":"2014-04-23T17:55:27","date_gmt":"2014-04-23T20:55:27","guid":{"rendered":"http:\/\/www.sudoestehoje.com.br\/novoportal\/?p=36250"},"modified":"2014-04-23T17:55:27","modified_gmt":"2014-04-23T20:55:27","slug":"professores-municipais-de-vitoria-da-conquista-entram-greve","status":"publish","type":"post","link":"https:\/\/www.sudoestehoje.com.br\/novoportal\/2014\/04\/23\/professores-municipais-de-vitoria-da-conquista-entram-greve\/","title":{"rendered":"PROFESSORES MUNICIPAIS DE VIT\u00d3RIA DA CONQUISTA ENTRAM GREVE"},"content":{"rendered":"<p style=\"text-align: center;\"><a href=\"http:\/\/www.sudoestehoje.com.br\/novoportal\/wp-content\/uploads\/2014\/04\/GREVE-PROF.jpg\"><img decoding=\"async\" class=\"aligncenter  wp-image-36251\" alt=\"GREVE PROF\" src=\"http:\/\/www.sudoestehoje.com.br\/novoportal\/wp-content\/uploads\/2014\/04\/GREVE-PROF.jpg\" width=\"450\" \/><\/a><\/p>\n<p>Os professores municipais de Vit\u00f3ria da Conquista, no sudoeste do estado, resolveram entrar em greve por tempo indeterminado a partir desta quarta-feira (23). A categoria n\u00e3o conseguiu consenso com a administra\u00e7\u00e3o municipal sobre a reformula\u00e7\u00e3o da carreira dos docentes. A prefeitura havia apresentado, no in\u00edcio do m\u00eas, reajuste salarial de 8,32%. Segundo a presidente do Sindicato do Magist\u00e9rio Municipal P\u00fablico de Vit\u00f3ria da Conquista (SIMMP), Geanne de C\u00e1ssia Oliveira, os educadores s\u00f3 ir\u00e3o retornar \u00e0s salas de aulas quando tiverem a demanda atendida. Informa\u00e7\u00f5es do Blog do Anderson.<\/p>\n","protected":false},"excerpt":{"rendered":"<p>Os professores municipais de Vit\u00f3ria da Conquista, no sudoeste do estado, resolveram entrar em greve por tempo indeterminado a partir desta quarta-feira (23). A categoria n\u00e3o conseguiu consenso com a administra\u00e7\u00e3o municipal sobre a reformula\u00e7\u00e3o da carreira dos docentes. A prefeitura havia apresentado, no in\u00edcio do m\u00eas, reajuste salarial de 8,32%. Segundo a presidente do [&hellip;]<\/p>\n","protected":false},"author":2,"featured_media":0,"comment_status":"open","ping_status":"open","sticky":false,"template":"","format":"standard","meta":{"footnotes":"","_links_to":"","_links_to_target":""},"categories":[1],"tags":[],"class_list":["post-36250","post","type-post","status-publish","format-standard","hentry","category-geral"],"views":1213,"_links":{"self":[{"href":"https:\/\/www.sudoestehoje.com.br\/novoportal\/wp-json\/wp\/v2\/posts\/36250","targetHints":{"allow":["GET"]}}],"collection":[{"href":"https:\/\/www.sudoestehoje.com.br\/novoportal\/wp-json\/wp\/v2\/posts"}],"about":[{"href":"https:\/\/www.sudoestehoje.com.br\/novoportal\/wp-json\/wp\/v2\/types\/post"}],"author":[{"embeddable":true,"href":"https:\/\/www.sudoestehoje.com.br\/novoportal\/wp-json\/wp\/v2\/users\/2"}],"replies":[{"embeddable":true,"href":"https:\/\/www.sudoestehoje.com.br\/novoportal\/wp-json\/wp\/v2\/comments?post=36250"}],"version-history":[{"count":1,"href":"https:\/\/www.sudoestehoje.com.br\/novoportal\/wp-json\/wp\/v2\/posts\/36250\/revisions"}],"predecessor-version":[{"id":36252,"href":"https:\/\/www.sudoestehoje.com.br\/novoportal\/wp-json\/wp\/v2\/posts\/36250\/revisions\/36252"}],"wp:attachment":[{"href":"https:\/\/www.sudoestehoje.com.br\/novoportal\/wp-json\/wp\/v2\/media?parent=36250"}],"wp:term":[{"taxonomy":"category","embeddable":true,"href":"https:\/\/www.sudoestehoje.com.br\/novoportal\/wp-json\/wp\/v2\/categories?post=36250"},{"taxonomy":"post_tag","embeddable":true,"href":"https:\/\/www.sudoestehoje.com.br\/novoportal\/wp-json\/wp\/v2\/tags?post=36250"}],"curies":[{"name":"wp","href":"https:\/\/api.w.org\/{rel}","templated":true}]}}