
{"id":36242,"date":"2014-04-22T23:34:24","date_gmt":"2014-04-23T02:34:24","guid":{"rendered":"http:\/\/www.sudoestehoje.com.br\/novoportal\/?p=36242"},"modified":"2014-04-22T23:34:24","modified_gmt":"2014-04-23T02:34:24","slug":"senado-aprova-marco-civil-da-internet","status":"publish","type":"post","link":"https:\/\/www.sudoestehoje.com.br\/novoportal\/2014\/04\/22\/senado-aprova-marco-civil-da-internet\/","title":{"rendered":"SENADO APROVA MARCO CIVIL DA INTERNET"},"content":{"rendered":"<p><a href=\"http:\/\/www.sudoestehoje.com.br\/novoportal\/wp-content\/uploads\/2014\/04\/MARCO-CIVIL.jpg\"><img loading=\"lazy\" decoding=\"async\" class=\"aligncenter size-medium wp-image-36243\" alt=\"MARCO CIVIL\" src=\"http:\/\/www.sudoestehoje.com.br\/novoportal\/wp-content\/uploads\/2014\/04\/MARCO-CIVIL-500x312.jpg\" width=\"500\" height=\"312\" srcset=\"https:\/\/www.sudoestehoje.com.br\/novoportal\/wp-content\/uploads\/2014\/04\/MARCO-CIVIL-500x312.jpg 500w, https:\/\/www.sudoestehoje.com.br\/novoportal\/wp-content\/uploads\/2014\/04\/MARCO-CIVIL.jpg 652w\" sizes=\"auto, (max-width: 500px) 100vw, 500px\" \/><\/a><\/p>\n<p>Por unanimidade, o Senado aprovou na noite desta ter\u00e7a-feira (22) o projeto de lei do Marco Civil da Internet, que segue agora para san\u00e7\u00e3o presidencial. O governo tinha interesse que o projeto do Marco Civil fosse aprovado hoje para que amanh\u00e3 (23) a nova lei possa ser apresentada no evento Net Mundial, que come\u00e7a nesta quarta-feira em S\u00e3o Paulo.<\/p>\n<p><strong>Entenda:\u00a0<a href=\"http:\/\/tecnologia.ig.com.br\/2014-03-26\/entenda-como-o-marco-civil-afetara-a-vida-dos-internautas-no-brasil.html\">Como o Marco Civil afetar\u00e1 a vida dos internautas no Brasil<\/a><\/strong><\/p>\n","protected":false},"excerpt":{"rendered":"<p>Por unanimidade, o Senado aprovou na noite desta ter\u00e7a-feira (22) o projeto de lei do Marco Civil da Internet, que segue agora para san\u00e7\u00e3o presidencial. O governo tinha interesse que o projeto do Marco Civil fosse aprovado hoje para que amanh\u00e3 (23) a nova lei possa ser apresentada no evento Net Mundial, que come\u00e7a nesta [&hellip;]<\/p>\n","protected":false},"author":2,"featured_media":0,"comment_status":"open","ping_status":"open","sticky":false,"template":"","format":"standard","meta":{"footnotes":"","_links_to":"","_links_to_target":""},"categories":[1],"tags":[],"class_list":["post-36242","post","type-post","status-publish","format-standard","hentry","category-geral"],"views":1284,"_links":{"self":[{"href":"https:\/\/www.sudoestehoje.com.br\/novoportal\/wp-json\/wp\/v2\/posts\/36242","targetHints":{"allow":["GET"]}}],"collection":[{"href":"https:\/\/www.sudoestehoje.com.br\/novoportal\/wp-json\/wp\/v2\/posts"}],"about":[{"href":"https:\/\/www.sudoestehoje.com.br\/novoportal\/wp-json\/wp\/v2\/types\/post"}],"author":[{"embeddable":true,"href":"https:\/\/www.sudoestehoje.com.br\/novoportal\/wp-json\/wp\/v2\/users\/2"}],"replies":[{"embeddable":true,"href":"https:\/\/www.sudoestehoje.com.br\/novoportal\/wp-json\/wp\/v2\/comments?post=36242"}],"version-history":[{"count":2,"href":"https:\/\/www.sudoestehoje.com.br\/novoportal\/wp-json\/wp\/v2\/posts\/36242\/revisions"}],"predecessor-version":[{"id":36245,"href":"https:\/\/www.sudoestehoje.com.br\/novoportal\/wp-json\/wp\/v2\/posts\/36242\/revisions\/36245"}],"wp:attachment":[{"href":"https:\/\/www.sudoestehoje.com.br\/novoportal\/wp-json\/wp\/v2\/media?parent=36242"}],"wp:term":[{"taxonomy":"category","embeddable":true,"href":"https:\/\/www.sudoestehoje.com.br\/novoportal\/wp-json\/wp\/v2\/categories?post=36242"},{"taxonomy":"post_tag","embeddable":true,"href":"https:\/\/www.sudoestehoje.com.br\/novoportal\/wp-json\/wp\/v2\/tags?post=36242"}],"curies":[{"name":"wp","href":"https:\/\/api.w.org\/{rel}","templated":true}]}}