
{"id":36230,"date":"2014-04-22T17:59:29","date_gmt":"2014-04-22T20:59:29","guid":{"rendered":"http:\/\/www.sudoestehoje.com.br\/novoportal\/?p=36230"},"modified":"2014-04-22T17:59:29","modified_gmt":"2014-04-22T20:59:29","slug":"peemedebista-herzem-gusmao-busca-apoios-em-itapetinga","status":"publish","type":"post","link":"https:\/\/www.sudoestehoje.com.br\/novoportal\/2014\/04\/22\/peemedebista-herzem-gusmao-busca-apoios-em-itapetinga\/","title":{"rendered":"PEEMEDEBISTA HERZEM GUSM\u00c3O BUSCA APOIOS EM ITAPETINGA"},"content":{"rendered":"<p style=\"text-align: center;\"><a href=\"http:\/\/www.sudoestehoje.com.br\/novoportal\/wp-content\/uploads\/2014\/04\/herzen.jpg\"><img decoding=\"async\" class=\"aligncenter  wp-image-36231\" alt=\"herzen\" src=\"http:\/\/www.sudoestehoje.com.br\/novoportal\/wp-content\/uploads\/2014\/04\/herzen.jpg\" width=\"500\" \/><\/a><\/p>\n<p>O presidente do PMDB de Vit\u00f3ria da Conquista e pr\u00e9-candidato a deputado estadual, Herzem Gusm\u00e3o, cumpriu agenda em Itapetinga na manh\u00e3 desta ter\u00e7a-feira (22).\u00a0Logo cedo o jornalista concedeu entrevista em um programa de r\u00e1dio e em seguida\u00a0visitou o Hospital Cristo Redentor, administrado pela Funda\u00e7\u00e3o Jos\u00e9 Silveira. Gusm\u00e3o conversou com o coordenador geral da funda\u00e7\u00e3o no munic\u00edpio, Leonardo Matos.<\/p>\n<p>Herzem tamb\u00e9m participou de reuni\u00e3o com o vereador do PMDB de Itapetinga, Jo\u00e3o de Deus e o m\u00e9dico Marcelo Gomes Silva.\u00a0<em>\u201cTemos caminhado em v\u00e1rios munic\u00edpios do Sudoeste em busca de apoios importantes para essa pr\u00e9-candidatura a deputado estadual, discutindo os temas que envolvem cada cidade e a regi\u00e3o como um todo\u201d<\/em>, disse Gusm\u00e3o. Blog do Rodrigo Ferraz<\/p>\n","protected":false},"excerpt":{"rendered":"<p>O presidente do PMDB de Vit\u00f3ria da Conquista e pr\u00e9-candidato a deputado estadual, Herzem Gusm\u00e3o, cumpriu agenda em Itapetinga na manh\u00e3 desta ter\u00e7a-feira (22).\u00a0Logo cedo o jornalista concedeu entrevista em um programa de r\u00e1dio e em seguida\u00a0visitou o Hospital Cristo Redentor, administrado pela Funda\u00e7\u00e3o Jos\u00e9 Silveira. Gusm\u00e3o conversou com o coordenador geral da funda\u00e7\u00e3o no [&hellip;]<\/p>\n","protected":false},"author":2,"featured_media":0,"comment_status":"open","ping_status":"open","sticky":false,"template":"","format":"standard","meta":{"footnotes":"","_links_to":"","_links_to_target":""},"categories":[1],"tags":[],"class_list":["post-36230","post","type-post","status-publish","format-standard","hentry","category-geral"],"views":1153,"_links":{"self":[{"href":"https:\/\/www.sudoestehoje.com.br\/novoportal\/wp-json\/wp\/v2\/posts\/36230","targetHints":{"allow":["GET"]}}],"collection":[{"href":"https:\/\/www.sudoestehoje.com.br\/novoportal\/wp-json\/wp\/v2\/posts"}],"about":[{"href":"https:\/\/www.sudoestehoje.com.br\/novoportal\/wp-json\/wp\/v2\/types\/post"}],"author":[{"embeddable":true,"href":"https:\/\/www.sudoestehoje.com.br\/novoportal\/wp-json\/wp\/v2\/users\/2"}],"replies":[{"embeddable":true,"href":"https:\/\/www.sudoestehoje.com.br\/novoportal\/wp-json\/wp\/v2\/comments?post=36230"}],"version-history":[{"count":1,"href":"https:\/\/www.sudoestehoje.com.br\/novoportal\/wp-json\/wp\/v2\/posts\/36230\/revisions"}],"predecessor-version":[{"id":36232,"href":"https:\/\/www.sudoestehoje.com.br\/novoportal\/wp-json\/wp\/v2\/posts\/36230\/revisions\/36232"}],"wp:attachment":[{"href":"https:\/\/www.sudoestehoje.com.br\/novoportal\/wp-json\/wp\/v2\/media?parent=36230"}],"wp:term":[{"taxonomy":"category","embeddable":true,"href":"https:\/\/www.sudoestehoje.com.br\/novoportal\/wp-json\/wp\/v2\/categories?post=36230"},{"taxonomy":"post_tag","embeddable":true,"href":"https:\/\/www.sudoestehoje.com.br\/novoportal\/wp-json\/wp\/v2\/tags?post=36230"}],"curies":[{"name":"wp","href":"https:\/\/api.w.org\/{rel}","templated":true}]}}