
{"id":36226,"date":"2014-04-22T12:50:58","date_gmt":"2014-04-22T15:50:58","guid":{"rendered":"http:\/\/www.sudoestehoje.com.br\/novoportal\/?p=36226"},"modified":"2014-04-22T12:50:58","modified_gmt":"2014-04-22T15:50:58","slug":"vacinacao-contra-a-gripe-comeca-hoje","status":"publish","type":"post","link":"https:\/\/www.sudoestehoje.com.br\/novoportal\/2014\/04\/22\/vacinacao-contra-a-gripe-comeca-hoje\/","title":{"rendered":"VACINA\u00c7\u00c3O CONTRA A GRIPE COME\u00c7A HOJE"},"content":{"rendered":"<p><a href=\"http:\/\/www.sudoestehoje.com.br\/novoportal\/wp-content\/uploads\/2014\/04\/vacina-gripe.jpg\"><img loading=\"lazy\" decoding=\"async\" class=\"aligncenter size-medium wp-image-36228\" alt=\"200490829-002\" src=\"http:\/\/www.sudoestehoje.com.br\/novoportal\/wp-content\/uploads\/2014\/04\/vacina-gripe-500x333.jpg\" width=\"500\" height=\"333\" srcset=\"https:\/\/www.sudoestehoje.com.br\/novoportal\/wp-content\/uploads\/2014\/04\/vacina-gripe-500x333.jpg 500w, https:\/\/www.sudoestehoje.com.br\/novoportal\/wp-content\/uploads\/2014\/04\/vacina-gripe.jpg 506w\" sizes=\"auto, (max-width: 500px) 100vw, 500px\" \/><\/a><\/p>\n<p>Come\u00e7a hoje (22) a Campanha Nacional de Vacina\u00e7\u00e3o contra a Gripe. Este ano, a imuniza\u00e7\u00e3o deve atingir mais crian\u00e7as do que em anos anteriores, j\u00e1 que a faixa et\u00e1ria definida pelo Minist\u00e9rio da Sa\u00fade foi ampliada. Com a nova regra, crian\u00e7as de 6 meses a menos de 5 anos poder\u00e3o ser vacinadas. No ano passado, apenas crian\u00e7as com at\u00e9 2 anos podiam receber a vacina.<\/p>\n<p>Representantes do governo acreditam que a amplia\u00e7\u00e3o dessa faixa et\u00e1ria vai beneficiar tanto as crian\u00e7as quanto outros grupos vulner\u00e1veis, como menores de 6 meses de idade que ainda s\u00e3o amamentados, idosos e pessoas com doen\u00e7as cr\u00f4nicas.<\/p>\n<p>A campanha continua at\u00e9 9 de maio e a meta do governo \u00e9 vacinar pelo menos 80% do p\u00fablico, que representa 49,6 milh\u00f5es de crian\u00e7as. A vacina tamb\u00e9m ser\u00e1 disponibilizada para grupos considerados mais vulner\u00e1veis \u00e0 gripe, como as pessoas com 60 anos ou mais, trabalhadores da sa\u00fade, povos ind\u00edgenas, gestantes, m\u00e3es at\u00e9 45 dias ap\u00f3s o parto, popula\u00e7\u00e3o privada de liberdade e funcion\u00e1rios do sistema prisional.<\/p>\n","protected":false},"excerpt":{"rendered":"<p>Come\u00e7a hoje (22) a Campanha Nacional de Vacina\u00e7\u00e3o contra a Gripe. Este ano, a imuniza\u00e7\u00e3o deve atingir mais crian\u00e7as do que em anos anteriores, j\u00e1 que a faixa et\u00e1ria definida pelo Minist\u00e9rio da Sa\u00fade foi ampliada. Com a nova regra, crian\u00e7as de 6 meses a menos de 5 anos poder\u00e3o ser vacinadas. No ano passado, [&hellip;]<\/p>\n","protected":false},"author":2,"featured_media":0,"comment_status":"open","ping_status":"open","sticky":false,"template":"","format":"standard","meta":{"footnotes":"","_links_to":"","_links_to_target":""},"categories":[1],"tags":[],"class_list":["post-36226","post","type-post","status-publish","format-standard","hentry","category-geral"],"views":1199,"_links":{"self":[{"href":"https:\/\/www.sudoestehoje.com.br\/novoportal\/wp-json\/wp\/v2\/posts\/36226","targetHints":{"allow":["GET"]}}],"collection":[{"href":"https:\/\/www.sudoestehoje.com.br\/novoportal\/wp-json\/wp\/v2\/posts"}],"about":[{"href":"https:\/\/www.sudoestehoje.com.br\/novoportal\/wp-json\/wp\/v2\/types\/post"}],"author":[{"embeddable":true,"href":"https:\/\/www.sudoestehoje.com.br\/novoportal\/wp-json\/wp\/v2\/users\/2"}],"replies":[{"embeddable":true,"href":"https:\/\/www.sudoestehoje.com.br\/novoportal\/wp-json\/wp\/v2\/comments?post=36226"}],"version-history":[{"count":1,"href":"https:\/\/www.sudoestehoje.com.br\/novoportal\/wp-json\/wp\/v2\/posts\/36226\/revisions"}],"predecessor-version":[{"id":36229,"href":"https:\/\/www.sudoestehoje.com.br\/novoportal\/wp-json\/wp\/v2\/posts\/36226\/revisions\/36229"}],"wp:attachment":[{"href":"https:\/\/www.sudoestehoje.com.br\/novoportal\/wp-json\/wp\/v2\/media?parent=36226"}],"wp:term":[{"taxonomy":"category","embeddable":true,"href":"https:\/\/www.sudoestehoje.com.br\/novoportal\/wp-json\/wp\/v2\/categories?post=36226"},{"taxonomy":"post_tag","embeddable":true,"href":"https:\/\/www.sudoestehoje.com.br\/novoportal\/wp-json\/wp\/v2\/tags?post=36226"}],"curies":[{"name":"wp","href":"https:\/\/api.w.org\/{rel}","templated":true}]}}