
{"id":36221,"date":"2014-04-22T12:29:09","date_gmt":"2014-04-22T15:29:09","guid":{"rendered":"http:\/\/www.sudoestehoje.com.br\/novoportal\/?p=36221"},"modified":"2014-04-22T12:32:00","modified_gmt":"2014-04-22T15:32:00","slug":"contas-de-luz-na-bahia-ficam-mais-caras-a-partir-desta-terca","status":"publish","type":"post","link":"https:\/\/www.sudoestehoje.com.br\/novoportal\/2014\/04\/22\/contas-de-luz-na-bahia-ficam-mais-caras-a-partir-desta-terca\/","title":{"rendered":"CONTAS DE LUZ NA BAHIA FICAM 15% MAIS CARAS A PARTIR DESTA TER\u00c7A"},"content":{"rendered":"<p style=\"text-align: center;\"><a href=\"http:\/\/www.sudoestehoje.com.br\/novoportal\/wp-content\/uploads\/2014\/04\/coelba.jpg\"><img decoding=\"async\" class=\"wp-image-36222 alignleft\" alt=\"coelba\" src=\"http:\/\/www.sudoestehoje.com.br\/novoportal\/wp-content\/uploads\/2014\/04\/coelba-500x430.jpg\" width=\"300\" srcset=\"https:\/\/www.sudoestehoje.com.br\/novoportal\/wp-content\/uploads\/2014\/04\/coelba-500x430.jpg 500w, https:\/\/www.sudoestehoje.com.br\/novoportal\/wp-content\/uploads\/2014\/04\/coelba.jpg 600w\" sizes=\"(max-width: 500px) 100vw, 500px\" \/><\/a><\/p>\n<p>As contas de luz na Bahia ficam mais caras at\u00e9 15% a partir desta ter\u00e7a-feira, 22, quando come\u00e7a a valer o reajuste da tarifa de energia para consumidores residenciais e empresariais aprovado pela Ag\u00eancia Nacional de Energia El\u00e9trica (Aneel). Conta residencial sobe 14,82%, empresarial aumenta 15% para consumidores de baixa tens\u00e3o e 16,04% para os de alta tens\u00e3o.<\/p>\n<p>Na fatura do m\u00eas de maio o reajuste come\u00e7a a pesar no bolso do baiano.S\u00e3o 5,3 milh\u00f5es os\u00a0 consumidores, em 415 munic\u00edpios. Duas cidades, Janda\u00edra e Rio Real, ter\u00e3o outros percentuais porque s\u00e3o abastecidas pela sergipana Sulgipe.<\/p>\n<p>O reajuste pedido pela Coelba era de 18%, mas apesar de a companhia ter alegado aumento de custo na compra de energia, a Aneel manteve o aumento m\u00e9dio de 15,35%.<\/p>\n","protected":false},"excerpt":{"rendered":"<p>As contas de luz na Bahia ficam mais caras at\u00e9 15% a partir desta ter\u00e7a-feira, 22, quando come\u00e7a a valer o reajuste da tarifa de energia para consumidores residenciais e empresariais aprovado pela Ag\u00eancia Nacional de Energia El\u00e9trica (Aneel). Conta residencial sobe 14,82%, empresarial aumenta 15% para consumidores de baixa tens\u00e3o e 16,04% para os [&hellip;]<\/p>\n","protected":false},"author":2,"featured_media":0,"comment_status":"open","ping_status":"open","sticky":false,"template":"","format":"standard","meta":{"footnotes":"","_links_to":"","_links_to_target":""},"categories":[1],"tags":[],"class_list":["post-36221","post","type-post","status-publish","format-standard","hentry","category-geral"],"views":2157,"_links":{"self":[{"href":"https:\/\/www.sudoestehoje.com.br\/novoportal\/wp-json\/wp\/v2\/posts\/36221","targetHints":{"allow":["GET"]}}],"collection":[{"href":"https:\/\/www.sudoestehoje.com.br\/novoportal\/wp-json\/wp\/v2\/posts"}],"about":[{"href":"https:\/\/www.sudoestehoje.com.br\/novoportal\/wp-json\/wp\/v2\/types\/post"}],"author":[{"embeddable":true,"href":"https:\/\/www.sudoestehoje.com.br\/novoportal\/wp-json\/wp\/v2\/users\/2"}],"replies":[{"embeddable":true,"href":"https:\/\/www.sudoestehoje.com.br\/novoportal\/wp-json\/wp\/v2\/comments?post=36221"}],"version-history":[{"count":3,"href":"https:\/\/www.sudoestehoje.com.br\/novoportal\/wp-json\/wp\/v2\/posts\/36221\/revisions"}],"predecessor-version":[{"id":36225,"href":"https:\/\/www.sudoestehoje.com.br\/novoportal\/wp-json\/wp\/v2\/posts\/36221\/revisions\/36225"}],"wp:attachment":[{"href":"https:\/\/www.sudoestehoje.com.br\/novoportal\/wp-json\/wp\/v2\/media?parent=36221"}],"wp:term":[{"taxonomy":"category","embeddable":true,"href":"https:\/\/www.sudoestehoje.com.br\/novoportal\/wp-json\/wp\/v2\/categories?post=36221"},{"taxonomy":"post_tag","embeddable":true,"href":"https:\/\/www.sudoestehoje.com.br\/novoportal\/wp-json\/wp\/v2\/tags?post=36221"}],"curies":[{"name":"wp","href":"https:\/\/api.w.org\/{rel}","templated":true}]}}