
{"id":36217,"date":"2014-04-22T12:23:30","date_gmt":"2014-04-22T15:23:30","guid":{"rendered":"http:\/\/www.sudoestehoje.com.br\/novoportal\/?p=36217"},"modified":"2014-04-22T12:23:30","modified_gmt":"2014-04-22T15:23:30","slug":"chapa-da-oposicao-realiza-encontro-em-conquista-no-proximo-sabado","status":"publish","type":"post","link":"https:\/\/www.sudoestehoje.com.br\/novoportal\/2014\/04\/22\/chapa-da-oposicao-realiza-encontro-em-conquista-no-proximo-sabado\/","title":{"rendered":"CHAPA DA OPOSI\u00c7\u00c3O REALIZA ENCONTRO EM CONQUISTA NO PR\u00d3XIMO S\u00c1BADO"},"content":{"rendered":"<p style=\"text-align: center;\"><a href=\"http:\/\/www.sudoestehoje.com.br\/novoportal\/wp-content\/uploads\/2014\/04\/Oposi\u00e7\u00e3o-BB.jpg\"><img decoding=\"async\" class=\"aligncenter  wp-image-36219\" alt=\"Oposi\u00e7\u00e3o-BB\" src=\"http:\/\/www.sudoestehoje.com.br\/novoportal\/wp-content\/uploads\/2014\/04\/Oposi\u00e7\u00e3o-BB.jpg\" width=\"500\" \/><\/a><\/p>\n<p>Est\u00e1 confirmada para o dia 26 de abril, pr\u00f3ximo s\u00e1bado, \u00e0s 10 horas, a visita \u00e0 cidade de Vit\u00f3ria da Conquista dos integrantes da chapa majorit\u00e1ria da oposi\u00e7\u00e3o formada por Paulo Souto (Governador), Joaci Go\u00e9s (Vice) e Geddel Vieira Lima (Senador) do DEM, PSDB e PMDB respectivamente.<\/p>\n<p>O encontro, antes anunciado que seria realizado na C\u00e2mara de Vereadores, poder\u00e1 acontecer no Centro de Conven\u00e7\u00f5es Divaldo Franco onde a capacidade de p\u00fablico \u00e9 muito superior ao pequeno espa\u00e7o na casa legislativa conquistense. A presen\u00e7a das lideran\u00e7as da oposi\u00e7\u00e3o est\u00e1 cercada de grande expectativa o que motivou o cancelamento do encontro nas depend\u00eancias da C\u00e2mara de Vereadores.<\/p>\n<p>Al\u00e9m dos candidatos que integram a chapa oposicionista, o prefeito de Salvador, ACM Neto estar\u00e1 presente.<\/p>\n","protected":false},"excerpt":{"rendered":"<p>Est\u00e1 confirmada para o dia 26 de abril, pr\u00f3ximo s\u00e1bado, \u00e0s 10 horas, a visita \u00e0 cidade de Vit\u00f3ria da Conquista dos integrantes da chapa majorit\u00e1ria da oposi\u00e7\u00e3o formada por Paulo Souto (Governador), Joaci Go\u00e9s (Vice) e Geddel Vieira Lima (Senador) do DEM, PSDB e PMDB respectivamente. O encontro, antes anunciado que seria realizado na [&hellip;]<\/p>\n","protected":false},"author":2,"featured_media":0,"comment_status":"open","ping_status":"open","sticky":false,"template":"","format":"standard","meta":{"footnotes":"","_links_to":"","_links_to_target":""},"categories":[1],"tags":[],"class_list":["post-36217","post","type-post","status-publish","format-standard","hentry","category-geral"],"views":1003,"_links":{"self":[{"href":"https:\/\/www.sudoestehoje.com.br\/novoportal\/wp-json\/wp\/v2\/posts\/36217","targetHints":{"allow":["GET"]}}],"collection":[{"href":"https:\/\/www.sudoestehoje.com.br\/novoportal\/wp-json\/wp\/v2\/posts"}],"about":[{"href":"https:\/\/www.sudoestehoje.com.br\/novoportal\/wp-json\/wp\/v2\/types\/post"}],"author":[{"embeddable":true,"href":"https:\/\/www.sudoestehoje.com.br\/novoportal\/wp-json\/wp\/v2\/users\/2"}],"replies":[{"embeddable":true,"href":"https:\/\/www.sudoestehoje.com.br\/novoportal\/wp-json\/wp\/v2\/comments?post=36217"}],"version-history":[{"count":2,"href":"https:\/\/www.sudoestehoje.com.br\/novoportal\/wp-json\/wp\/v2\/posts\/36217\/revisions"}],"predecessor-version":[{"id":36220,"href":"https:\/\/www.sudoestehoje.com.br\/novoportal\/wp-json\/wp\/v2\/posts\/36217\/revisions\/36220"}],"wp:attachment":[{"href":"https:\/\/www.sudoestehoje.com.br\/novoportal\/wp-json\/wp\/v2\/media?parent=36217"}],"wp:term":[{"taxonomy":"category","embeddable":true,"href":"https:\/\/www.sudoestehoje.com.br\/novoportal\/wp-json\/wp\/v2\/categories?post=36217"},{"taxonomy":"post_tag","embeddable":true,"href":"https:\/\/www.sudoestehoje.com.br\/novoportal\/wp-json\/wp\/v2\/tags?post=36217"}],"curies":[{"name":"wp","href":"https:\/\/api.w.org\/{rel}","templated":true}]}}