
{"id":36200,"date":"2014-04-20T21:26:42","date_gmt":"2014-04-21T00:26:42","guid":{"rendered":"http:\/\/www.sudoestehoje.com.br\/novoportal\/?p=36200"},"modified":"2014-04-20T21:32:12","modified_gmt":"2014-04-21T00:32:12","slug":"prisco-dividiu-cela-com-16-detentos-mas-ja-esta-em-cela-individual","status":"publish","type":"post","link":"https:\/\/www.sudoestehoje.com.br\/novoportal\/2014\/04\/20\/prisco-dividiu-cela-com-16-detentos-mas-ja-esta-em-cela-individual\/","title":{"rendered":"PRISCO DIVIDIU ESPA\u00c7O COM 16 DETENTOS, MAS J\u00c1 EST\u00c1 EM CELA INDIVIDUAL"},"content":{"rendered":"<p><a href=\"http:\/\/www.sudoestehoje.com.br\/novoportal\/wp-content\/uploads\/2014\/04\/papuda-prisco-300x250.jpg\"><img loading=\"lazy\" decoding=\"async\" class=\"size-full wp-image-36204 alignleft\" alt=\"papuda-prisco-300x250\" src=\"http:\/\/www.sudoestehoje.com.br\/novoportal\/wp-content\/uploads\/2014\/04\/papuda-prisco-300x250.jpg\" width=\"300\" height=\"250\" \/><\/a><\/p>\n<p>Preso na \u00faltima sexta-feira (18), o vereador Marco Prisco foi transferido neste domingo (20), para uma cela individual do Complexo Penitenci\u00e1rio da Papuda, em Bras\u00edlia, onde est\u00e1 detido. L\u00edder do movimento grevista da Pol\u00edcia Militar da Bahia, Prisco estava em uma cela com outros 16 detentos. A defesa do vereador alegou que ele estava \u2018desesperado\u2019 com as condi\u00e7\u00f5es do c\u00e1rcere.<\/p>\n<p>A not\u00edcia da transfer\u00eancia de Prisco foi dada pelo vice -presidente da Aspra, F\u00e1bio Britto. Segundo F\u00e1bio, quatro pol\u00edticos de Salvador foram comunicados sobre as condi\u00e7\u00f5es de Prisco. \u201cOs pol\u00edticos entraram em contato com Bras\u00edlia e conseguiram tirar ele daquele risco iminente de morte. Foi uma irresponsabilidade colocar ele, l\u00edder da PM, no mesmo espa\u00e7o que presos comuns\u201d, disse Brito, segundo o jornal Folha de S. Paulo.<\/p>\n<p>O temor era de que Marco Prisco fosse reconhecido por um dos presos, j\u00e1 que a pr\u00f3xima ter\u00e7a-feira (22), \u00e9 dia de visita.<\/p>\n<p><em><strong>iBahia.com<\/strong><\/em><\/p>\n","protected":false},"excerpt":{"rendered":"<p>Preso na \u00faltima sexta-feira (18), o vereador Marco Prisco foi transferido neste domingo (20), para uma cela individual do Complexo Penitenci\u00e1rio da Papuda, em Bras\u00edlia, onde est\u00e1 detido. L\u00edder do movimento grevista da Pol\u00edcia Militar da Bahia, Prisco estava em uma cela com outros 16 detentos. A defesa do vereador alegou que ele estava \u2018desesperado\u2019 [&hellip;]<\/p>\n","protected":false},"author":2,"featured_media":0,"comment_status":"open","ping_status":"open","sticky":false,"template":"","format":"standard","meta":{"footnotes":"","_links_to":"","_links_to_target":""},"categories":[1],"tags":[],"class_list":["post-36200","post","type-post","status-publish","format-standard","hentry","category-geral"],"views":1121,"_links":{"self":[{"href":"https:\/\/www.sudoestehoje.com.br\/novoportal\/wp-json\/wp\/v2\/posts\/36200","targetHints":{"allow":["GET"]}}],"collection":[{"href":"https:\/\/www.sudoestehoje.com.br\/novoportal\/wp-json\/wp\/v2\/posts"}],"about":[{"href":"https:\/\/www.sudoestehoje.com.br\/novoportal\/wp-json\/wp\/v2\/types\/post"}],"author":[{"embeddable":true,"href":"https:\/\/www.sudoestehoje.com.br\/novoportal\/wp-json\/wp\/v2\/users\/2"}],"replies":[{"embeddable":true,"href":"https:\/\/www.sudoestehoje.com.br\/novoportal\/wp-json\/wp\/v2\/comments?post=36200"}],"version-history":[{"count":4,"href":"https:\/\/www.sudoestehoje.com.br\/novoportal\/wp-json\/wp\/v2\/posts\/36200\/revisions"}],"predecessor-version":[{"id":36205,"href":"https:\/\/www.sudoestehoje.com.br\/novoportal\/wp-json\/wp\/v2\/posts\/36200\/revisions\/36205"}],"wp:attachment":[{"href":"https:\/\/www.sudoestehoje.com.br\/novoportal\/wp-json\/wp\/v2\/media?parent=36200"}],"wp:term":[{"taxonomy":"category","embeddable":true,"href":"https:\/\/www.sudoestehoje.com.br\/novoportal\/wp-json\/wp\/v2\/categories?post=36200"},{"taxonomy":"post_tag","embeddable":true,"href":"https:\/\/www.sudoestehoje.com.br\/novoportal\/wp-json\/wp\/v2\/tags?post=36200"}],"curies":[{"name":"wp","href":"https:\/\/api.w.org\/{rel}","templated":true}]}}