
{"id":36185,"date":"2014-04-20T11:39:51","date_gmt":"2014-04-20T14:39:51","guid":{"rendered":"http:\/\/www.sudoestehoje.com.br\/novoportal\/?p=36185"},"modified":"2014-04-20T11:39:51","modified_gmt":"2014-04-20T14:39:51","slug":"materia-de-veja-leva-luiz-argolo-ao-conselho-de-etica-da-camara","status":"publish","type":"post","link":"https:\/\/www.sudoestehoje.com.br\/novoportal\/2014\/04\/20\/materia-de-veja-leva-luiz-argolo-ao-conselho-de-etica-da-camara\/","title":{"rendered":"MAT\u00c9RIA DE VEJA LEVA LUIZ ARGOLO AO CONSELHO DE \u00c9TICA DA C\u00c2MARA"},"content":{"rendered":"<p><a href=\"http:\/\/www.sudoestehoje.com.br\/novoportal\/wp-content\/uploads\/2014\/04\/LUIZ-ARGOLO.jpg\"><img loading=\"lazy\" decoding=\"async\" class=\"aligncenter size-medium wp-image-36186\" alt=\"LUIZ ARGOLO\" src=\"http:\/\/www.sudoestehoje.com.br\/novoportal\/wp-content\/uploads\/2014\/04\/LUIZ-ARGOLO-500x271.jpg\" width=\"500\" height=\"271\" srcset=\"https:\/\/www.sudoestehoje.com.br\/novoportal\/wp-content\/uploads\/2014\/04\/LUIZ-ARGOLO-500x271.jpg 500w, https:\/\/www.sudoestehoje.com.br\/novoportal\/wp-content\/uploads\/2014\/04\/LUIZ-ARGOLO.jpg 590w\" sizes=\"auto, (max-width: 500px) 100vw, 500px\" \/><\/a><\/p>\n<p>Colhido por uma segunda reportagem da revista Veja, retratando seu suposto envolvimento com o doleiro Alberto Ilusef, o deputado Luiz Argolo (SDD) deve enfrentar um duro processo no Conselho de \u00c9tica da C\u00e2mara dos Deputados. Seus colegas de Parlamento n\u00e3o t\u00eam mais d\u00favidas de que a \u00faltima mat\u00e9ria da revista acabou por aprofundar a encrenca em que se meteu, principalmente depois que veio a p\u00fablico rebater as primeiras den\u00fancias da publica\u00e7\u00e3o. A depender da avalia\u00e7\u00e3o do Conselho de \u00c9tica, Argolo pode perder o mandato, ficando inclusive ineleg\u00edvel.<\/p>\n","protected":false},"excerpt":{"rendered":"<p>Colhido por uma segunda reportagem da revista Veja, retratando seu suposto envolvimento com o doleiro Alberto Ilusef, o deputado Luiz Argolo (SDD) deve enfrentar um duro processo no Conselho de \u00c9tica da C\u00e2mara dos Deputados. Seus colegas de Parlamento n\u00e3o t\u00eam mais d\u00favidas de que a \u00faltima mat\u00e9ria da revista acabou por aprofundar a encrenca [&hellip;]<\/p>\n","protected":false},"author":2,"featured_media":0,"comment_status":"open","ping_status":"open","sticky":false,"template":"","format":"standard","meta":{"footnotes":"","_links_to":"","_links_to_target":""},"categories":[1],"tags":[],"class_list":["post-36185","post","type-post","status-publish","format-standard","hentry","category-geral"],"views":1182,"_links":{"self":[{"href":"https:\/\/www.sudoestehoje.com.br\/novoportal\/wp-json\/wp\/v2\/posts\/36185","targetHints":{"allow":["GET"]}}],"collection":[{"href":"https:\/\/www.sudoestehoje.com.br\/novoportal\/wp-json\/wp\/v2\/posts"}],"about":[{"href":"https:\/\/www.sudoestehoje.com.br\/novoportal\/wp-json\/wp\/v2\/types\/post"}],"author":[{"embeddable":true,"href":"https:\/\/www.sudoestehoje.com.br\/novoportal\/wp-json\/wp\/v2\/users\/2"}],"replies":[{"embeddable":true,"href":"https:\/\/www.sudoestehoje.com.br\/novoportal\/wp-json\/wp\/v2\/comments?post=36185"}],"version-history":[{"count":1,"href":"https:\/\/www.sudoestehoje.com.br\/novoportal\/wp-json\/wp\/v2\/posts\/36185\/revisions"}],"predecessor-version":[{"id":36187,"href":"https:\/\/www.sudoestehoje.com.br\/novoportal\/wp-json\/wp\/v2\/posts\/36185\/revisions\/36187"}],"wp:attachment":[{"href":"https:\/\/www.sudoestehoje.com.br\/novoportal\/wp-json\/wp\/v2\/media?parent=36185"}],"wp:term":[{"taxonomy":"category","embeddable":true,"href":"https:\/\/www.sudoestehoje.com.br\/novoportal\/wp-json\/wp\/v2\/categories?post=36185"},{"taxonomy":"post_tag","embeddable":true,"href":"https:\/\/www.sudoestehoje.com.br\/novoportal\/wp-json\/wp\/v2\/tags?post=36185"}],"curies":[{"name":"wp","href":"https:\/\/api.w.org\/{rel}","templated":true}]}}