
{"id":36170,"date":"2014-04-19T08:38:54","date_gmt":"2014-04-19T11:38:54","guid":{"rendered":"http:\/\/www.sudoestehoje.com.br\/novoportal\/?p=36170"},"modified":"2014-04-19T08:41:57","modified_gmt":"2014-04-19T11:41:57","slug":"associacao-descarta-nova-greve-de-policiais-militares-na-bahia","status":"publish","type":"post","link":"https:\/\/www.sudoestehoje.com.br\/novoportal\/2014\/04\/19\/associacao-descarta-nova-greve-de-policiais-militares-na-bahia\/","title":{"rendered":"ASSOCIA\u00c7\u00c3O DESCARTA NOVA GREVE DE POLICIAIS MILITARES NA BAHIA"},"content":{"rendered":"<div id=\"attachment_36174\" style=\"width: 510px\" class=\"wp-caption aligncenter\"><a href=\"http:\/\/www.sudoestehoje.com.br\/novoportal\/wp-content\/uploads\/2014\/04\/Pris\u00e3o-Prisco-Reprodu\u00e7\u00e3o-Rede-Globo.jpg\"><img loading=\"lazy\" decoding=\"async\" aria-describedby=\"caption-attachment-36174\" class=\"size-medium wp-image-36174\" alt=\"Do pres\u00eddio da Papuda, Prisco teria desautorizado nova greve dos PMs.\" src=\"http:\/\/www.sudoestehoje.com.br\/novoportal\/wp-content\/uploads\/2014\/04\/Pris\u00e3o-Prisco-Reprodu\u00e7\u00e3o-Rede-Globo-500x334.jpg\" width=\"500\" height=\"334\" srcset=\"https:\/\/www.sudoestehoje.com.br\/novoportal\/wp-content\/uploads\/2014\/04\/Pris\u00e3o-Prisco-Reprodu\u00e7\u00e3o-Rede-Globo-500x334.jpg 500w, https:\/\/www.sudoestehoje.com.br\/novoportal\/wp-content\/uploads\/2014\/04\/Pris\u00e3o-Prisco-Reprodu\u00e7\u00e3o-Rede-Globo.jpg 565w\" sizes=\"auto, (max-width: 500px) 100vw, 500px\" \/><\/a><p id=\"caption-attachment-36174\" class=\"wp-caption-text\">Do pres\u00eddio da Papuda, Prisco teria desautorizado nova greve dos PMs. Foto Rede Globo<\/p><\/div>\n<p>Ap\u00f3s a pris\u00e3o do vereador Marco Prisco Caldas Machado, a Associa\u00e7\u00e3o de Policiais e Bombeiros e de seus Familiares no Estado da Bahia (Aspra) descartou, na noite desta sexta-feira (18), a possibilidade de uma nova paralisa\u00e7\u00e3o de policiais militares na Bahia. Dirigentes da associa\u00e7\u00e3o afirmaram ao jornal Folha de S. Paulo que Prisco orientou os membros da Aspra a n\u00e3o paralisar as atividades. Diretor-geral da Aspra, Prisco foi preso por policiais federais na tarde desta sexta (18), a pedido do Minist\u00e9rio P\u00fablico Federal na Bahia (MPF\/BA). Segundo a Pol\u00edcia Federal, ele foi localizado em um resort na Costa do Sau\u00edpe, no Litoral Norte, e transferido para o Complexo Penitenci\u00e1rio da Papuda, em Bras\u00edlia.\u00a0Correio 24 horas<\/p>\n","protected":false},"excerpt":{"rendered":"<p>Ap\u00f3s a pris\u00e3o do vereador Marco Prisco Caldas Machado, a Associa\u00e7\u00e3o de Policiais e Bombeiros e de seus Familiares no Estado da Bahia (Aspra) descartou, na noite desta sexta-feira (18), a possibilidade de uma nova paralisa\u00e7\u00e3o de policiais militares na Bahia. Dirigentes da associa\u00e7\u00e3o afirmaram ao jornal Folha de S. Paulo que Prisco orientou os [&hellip;]<\/p>\n","protected":false},"author":2,"featured_media":0,"comment_status":"open","ping_status":"open","sticky":false,"template":"","format":"standard","meta":{"footnotes":"","_links_to":"","_links_to_target":""},"categories":[1],"tags":[],"class_list":["post-36170","post","type-post","status-publish","format-standard","hentry","category-geral"],"views":1094,"_links":{"self":[{"href":"https:\/\/www.sudoestehoje.com.br\/novoportal\/wp-json\/wp\/v2\/posts\/36170","targetHints":{"allow":["GET"]}}],"collection":[{"href":"https:\/\/www.sudoestehoje.com.br\/novoportal\/wp-json\/wp\/v2\/posts"}],"about":[{"href":"https:\/\/www.sudoestehoje.com.br\/novoportal\/wp-json\/wp\/v2\/types\/post"}],"author":[{"embeddable":true,"href":"https:\/\/www.sudoestehoje.com.br\/novoportal\/wp-json\/wp\/v2\/users\/2"}],"replies":[{"embeddable":true,"href":"https:\/\/www.sudoestehoje.com.br\/novoportal\/wp-json\/wp\/v2\/comments?post=36170"}],"version-history":[{"count":3,"href":"https:\/\/www.sudoestehoje.com.br\/novoportal\/wp-json\/wp\/v2\/posts\/36170\/revisions"}],"predecessor-version":[{"id":36175,"href":"https:\/\/www.sudoestehoje.com.br\/novoportal\/wp-json\/wp\/v2\/posts\/36170\/revisions\/36175"}],"wp:attachment":[{"href":"https:\/\/www.sudoestehoje.com.br\/novoportal\/wp-json\/wp\/v2\/media?parent=36170"}],"wp:term":[{"taxonomy":"category","embeddable":true,"href":"https:\/\/www.sudoestehoje.com.br\/novoportal\/wp-json\/wp\/v2\/categories?post=36170"},{"taxonomy":"post_tag","embeddable":true,"href":"https:\/\/www.sudoestehoje.com.br\/novoportal\/wp-json\/wp\/v2\/tags?post=36170"}],"curies":[{"name":"wp","href":"https:\/\/api.w.org\/{rel}","templated":true}]}}