
{"id":36161,"date":"2014-04-18T18:07:04","date_gmt":"2014-04-18T21:07:04","guid":{"rendered":"http:\/\/www.sudoestehoje.com.br\/novoportal\/?p=36161"},"modified":"2014-04-18T18:10:34","modified_gmt":"2014-04-18T21:10:34","slug":"novo-lider-do-movimento-capitao-tadeu-pede-que-pms-parem","status":"publish","type":"post","link":"https:\/\/www.sudoestehoje.com.br\/novoportal\/2014\/04\/18\/novo-lider-do-movimento-capitao-tadeu-pede-que-pms-parem\/","title":{"rendered":"NOVO L\u00cdDER DO MOVIMENTO, CAPIT\u00c3O TADEU PEDE QUE PMs PAREM"},"content":{"rendered":"<p><a href=\"http:\/\/www.sudoestehoje.com.br\/novoportal\/wp-content\/uploads\/2014\/04\/CAP.-TADEU.jpg\"><img loading=\"lazy\" decoding=\"async\" class=\"aligncenter size-full wp-image-36162\" alt=\"CAP. TADEU\" src=\"http:\/\/www.sudoestehoje.com.br\/novoportal\/wp-content\/uploads\/2014\/04\/CAP.-TADEU.jpg\" width=\"319\" height=\"479\" \/><\/a><\/p>\n<p>Em mo\u00e7\u00e3o de rep\u00fadio enviada \u00e0 tropa pelas redes sociais, nesta sexta-feira, 18, o deputado Capit\u00e3o Tadeu Fernandes orienta que a tropa suspenda as atividades imediatamente, at\u00e9 que o governo providencie a soltura de Prisco.<\/p>\n<p>Segundo Capit\u00e3o Tadeu, o governo traiu a boa vontade dos policiais militares ao mandar prender Prisco um dia ap\u00f3s o acordo que p\u00f4s fim \u00e0 greve. O parlamentar afirmou que saiu da condi\u00e7\u00e3o de moderador para assumir a fun\u00e7\u00e3o de lideran\u00e7a do movimento.<\/p>\n<p>A assessoria da Secretaria de Seguran\u00e7a P\u00fablica da Bahia informou que n\u00e3o se pronunciar\u00e1 sobre o caso por ter sido uma decis\u00e3o da Justi\u00e7a Federal.<\/p>\n<p>Em entrevista a r\u00e1dio Sociedade da Bahia, o Capit\u00e3o Tadeu pediu para que os policiais parem imediatamente as atividades. Ele, provavelmente, assume a lideran\u00e7a de uma nova greve. No Facebook, o Capit\u00e3o tamb\u00e9m j\u00e1 se manifestou.<\/p>\n<p>&nbsp;<\/p>\n","protected":false},"excerpt":{"rendered":"<p>Em mo\u00e7\u00e3o de rep\u00fadio enviada \u00e0 tropa pelas redes sociais, nesta sexta-feira, 18, o deputado Capit\u00e3o Tadeu Fernandes orienta que a tropa suspenda as atividades imediatamente, at\u00e9 que o governo providencie a soltura de Prisco. Segundo Capit\u00e3o Tadeu, o governo traiu a boa vontade dos policiais militares ao mandar prender Prisco um dia ap\u00f3s o [&hellip;]<\/p>\n","protected":false},"author":2,"featured_media":0,"comment_status":"open","ping_status":"open","sticky":false,"template":"","format":"standard","meta":{"footnotes":"","_links_to":"","_links_to_target":""},"categories":[1],"tags":[],"class_list":["post-36161","post","type-post","status-publish","format-standard","hentry","category-geral"],"views":1183,"_links":{"self":[{"href":"https:\/\/www.sudoestehoje.com.br\/novoportal\/wp-json\/wp\/v2\/posts\/36161","targetHints":{"allow":["GET"]}}],"collection":[{"href":"https:\/\/www.sudoestehoje.com.br\/novoportal\/wp-json\/wp\/v2\/posts"}],"about":[{"href":"https:\/\/www.sudoestehoje.com.br\/novoportal\/wp-json\/wp\/v2\/types\/post"}],"author":[{"embeddable":true,"href":"https:\/\/www.sudoestehoje.com.br\/novoportal\/wp-json\/wp\/v2\/users\/2"}],"replies":[{"embeddable":true,"href":"https:\/\/www.sudoestehoje.com.br\/novoportal\/wp-json\/wp\/v2\/comments?post=36161"}],"version-history":[{"count":3,"href":"https:\/\/www.sudoestehoje.com.br\/novoportal\/wp-json\/wp\/v2\/posts\/36161\/revisions"}],"predecessor-version":[{"id":36165,"href":"https:\/\/www.sudoestehoje.com.br\/novoportal\/wp-json\/wp\/v2\/posts\/36161\/revisions\/36165"}],"wp:attachment":[{"href":"https:\/\/www.sudoestehoje.com.br\/novoportal\/wp-json\/wp\/v2\/media?parent=36161"}],"wp:term":[{"taxonomy":"category","embeddable":true,"href":"https:\/\/www.sudoestehoje.com.br\/novoportal\/wp-json\/wp\/v2\/categories?post=36161"},{"taxonomy":"post_tag","embeddable":true,"href":"https:\/\/www.sudoestehoje.com.br\/novoportal\/wp-json\/wp\/v2\/tags?post=36161"}],"curies":[{"name":"wp","href":"https:\/\/api.w.org\/{rel}","templated":true}]}}