
{"id":36158,"date":"2014-04-18T16:57:35","date_gmt":"2014-04-18T19:57:35","guid":{"rendered":"http:\/\/www.sudoestehoje.com.br\/novoportal\/?p=36158"},"modified":"2014-04-18T19:33:55","modified_gmt":"2014-04-18T22:33:55","slug":"lider-da-greve-dos-policiais-militares-e-preso-pela-policia-federal","status":"publish","type":"post","link":"https:\/\/www.sudoestehoje.com.br\/novoportal\/2014\/04\/18\/lider-da-greve-dos-policiais-militares-e-preso-pela-policia-federal\/","title":{"rendered":"L\u00cdDER DA GREVE DOS POLICIAIS MILITARES \u00c9 PRESO PELA POL\u00cdCIA FEDERAL"},"content":{"rendered":"<p><a href=\"http:\/\/www.sudoestehoje.com.br\/novoportal\/wp-content\/uploads\/2014\/04\/prisco_caminhada_juarezmatias.jpg\"><img loading=\"lazy\" decoding=\"async\" class=\"aligncenter size-medium wp-image-36159\" alt=\"prisco_caminhada_juarezmatias\" src=\"http:\/\/www.sudoestehoje.com.br\/novoportal\/wp-content\/uploads\/2014\/04\/prisco_caminhada_juarezmatias-500x357.jpg\" width=\"500\" height=\"357\" srcset=\"https:\/\/www.sudoestehoje.com.br\/novoportal\/wp-content\/uploads\/2014\/04\/prisco_caminhada_juarezmatias-500x357.jpg 500w, https:\/\/www.sudoestehoje.com.br\/novoportal\/wp-content\/uploads\/2014\/04\/prisco_caminhada_juarezmatias-700x500.jpg 700w, https:\/\/www.sudoestehoje.com.br\/novoportal\/wp-content\/uploads\/2014\/04\/prisco_caminhada_juarezmatias.jpg 800w\" sizes=\"auto, (max-width: 500px) 100vw, 500px\" \/><\/a><\/p>\n<p>O vereador Marco Prisco (PSDB), l\u00edder da greve da PM na Bahia, foi preso a pedido do Minist\u00e9rio P\u00fablico Federal na Bahia (MPF-BA), nesta sexta-feira (18). O mando de pris\u00e3o foi expedido na ter\u00e7a (15), no primeiro dia da paralisa\u00e7\u00e3o.\u00a0A pris\u00e3o foi realizada pela Pol\u00edcia Federal em um resort em Costa de Sau\u00edpe onde Prisco se encontrava.<\/p>\n<p>O pedido foi feito na segunda-feira (14), dentro da a\u00e7\u00e3o penal movida pelo MPF em abril de 2013 , que denunciou sete pessoas entre vereadores, soldados e cabos da PM por diversos crimes, a maioria deles contra a seguran\u00e7a nacional, praticados durante o movimento paredista de 2012. A inten\u00e7\u00e3o do pedido de pris\u00e3o preventiva foi de garantir a ordem p\u00fablica.<\/p>\n<p>De acordo com o MPF, o vereador \u00e9 processado por crime pol\u00edtico grave e qualquer recurso contra sua pris\u00e3o s\u00f3 poder\u00e1 ser ajuizado no Supremo Tribunal Federal. A pris\u00e3o ser\u00e1 cumprida inicialmente em pres\u00eddio federal localizado fora do estado da Bahia.<\/p>\n<p>Confira o Mandado de Pris\u00e3o:<\/p>\n<p><img decoding=\"async\" class=\"aligncenter\" alt=\"C\u00f3pia do mandado de pris\u00e3o de Prisco, expedido no dia 14.\" src=\"http:\/\/www.pimenta.blog.br\/wp-content\/uploads\/IMG-20140418-WA0001.jpg\" \/><\/p>\n","protected":false},"excerpt":{"rendered":"<p>O vereador Marco Prisco (PSDB), l\u00edder da greve da PM na Bahia, foi preso a pedido do Minist\u00e9rio P\u00fablico Federal na Bahia (MPF-BA), nesta sexta-feira (18). O mando de pris\u00e3o foi expedido na ter\u00e7a (15), no primeiro dia da paralisa\u00e7\u00e3o.\u00a0A pris\u00e3o foi realizada pela Pol\u00edcia Federal em um resort em Costa de Sau\u00edpe onde Prisco [&hellip;]<\/p>\n","protected":false},"author":2,"featured_media":0,"comment_status":"open","ping_status":"open","sticky":false,"template":"","format":"standard","meta":{"footnotes":"","_links_to":"","_links_to_target":""},"categories":[1],"tags":[],"class_list":["post-36158","post","type-post","status-publish","format-standard","hentry","category-geral"],"views":1321,"_links":{"self":[{"href":"https:\/\/www.sudoestehoje.com.br\/novoportal\/wp-json\/wp\/v2\/posts\/36158","targetHints":{"allow":["GET"]}}],"collection":[{"href":"https:\/\/www.sudoestehoje.com.br\/novoportal\/wp-json\/wp\/v2\/posts"}],"about":[{"href":"https:\/\/www.sudoestehoje.com.br\/novoportal\/wp-json\/wp\/v2\/types\/post"}],"author":[{"embeddable":true,"href":"https:\/\/www.sudoestehoje.com.br\/novoportal\/wp-json\/wp\/v2\/users\/2"}],"replies":[{"embeddable":true,"href":"https:\/\/www.sudoestehoje.com.br\/novoportal\/wp-json\/wp\/v2\/comments?post=36158"}],"version-history":[{"count":2,"href":"https:\/\/www.sudoestehoje.com.br\/novoportal\/wp-json\/wp\/v2\/posts\/36158\/revisions"}],"predecessor-version":[{"id":36166,"href":"https:\/\/www.sudoestehoje.com.br\/novoportal\/wp-json\/wp\/v2\/posts\/36158\/revisions\/36166"}],"wp:attachment":[{"href":"https:\/\/www.sudoestehoje.com.br\/novoportal\/wp-json\/wp\/v2\/media?parent=36158"}],"wp:term":[{"taxonomy":"category","embeddable":true,"href":"https:\/\/www.sudoestehoje.com.br\/novoportal\/wp-json\/wp\/v2\/categories?post=36158"},{"taxonomy":"post_tag","embeddable":true,"href":"https:\/\/www.sudoestehoje.com.br\/novoportal\/wp-json\/wp\/v2\/tags?post=36158"}],"curies":[{"name":"wp","href":"https:\/\/api.w.org\/{rel}","templated":true}]}}