
{"id":36142,"date":"2014-04-17T20:17:30","date_gmt":"2014-04-17T23:17:30","guid":{"rendered":"http:\/\/www.sudoestehoje.com.br\/novoportal\/?p=36142"},"modified":"2014-04-17T20:26:54","modified_gmt":"2014-04-17T23:26:54","slug":"ibucui-gustavo-lima-e-confirmado-para-a-2o-dia-do-brega-light","status":"publish","type":"post","link":"https:\/\/www.sudoestehoje.com.br\/novoportal\/2014\/04\/17\/ibucui-gustavo-lima-e-confirmado-para-a-2o-dia-do-brega-light\/","title":{"rendered":"IBUCUI: GUSTAVO LIMA \u00c9 CONFIRMADO PARA A 2\u00ba DIA DO BREGA LIGHT"},"content":{"rendered":"<p><a href=\"http:\/\/www.sudoestehoje.com.br\/novoportal\/wp-content\/uploads\/2014\/04\/GUSTAVO-LIMA.jpg\"><img loading=\"lazy\" decoding=\"async\" class=\"aligncenter size-medium wp-image-36144\" alt=\"GUSTAVO LIMA\" src=\"http:\/\/www.sudoestehoje.com.br\/novoportal\/wp-content\/uploads\/2014\/04\/GUSTAVO-LIMA-500x292.jpg\" width=\"500\" height=\"292\" srcset=\"https:\/\/www.sudoestehoje.com.br\/novoportal\/wp-content\/uploads\/2014\/04\/GUSTAVO-LIMA-500x292.jpg 500w, https:\/\/www.sudoestehoje.com.br\/novoportal\/wp-content\/uploads\/2014\/04\/GUSTAVO-LIMA.jpg 629w\" sizes=\"auto, (max-width: 500px) 100vw, 500px\" \/><\/a><\/p>\n<p>O produtor Marcos Galv\u00e3o finalizou, nesta quarta-feira, a forma\u00e7\u00e3o da grade do Brega Light. A festa ser\u00e1 realizada nos dias 21 e 23 de junho, sendo que no segundo dia a festa ser\u00e1 open bar.<\/p>\n<p>As atra\u00e7\u00f5es ser\u00e3o: Avi\u00f5es do Forro, Harmonia do Samba, Trio da Huana, Cangaia de Jegue, Psirico, Bel Marques, Gustavo Lima, Luxuria, Filhos de Jorge e Oito7Nove4.<\/p>\n<p>O segundo dia, a festa ter\u00e1 Gustavo Lima, Luxuria, Pisirico, Cangaia de Jegue e Oito7Nove4.<\/p>\n","protected":false},"excerpt":{"rendered":"<p>O produtor Marcos Galv\u00e3o finalizou, nesta quarta-feira, a forma\u00e7\u00e3o da grade do Brega Light. A festa ser\u00e1 realizada nos dias 21 e 23 de junho, sendo que no segundo dia a festa ser\u00e1 open bar. As atra\u00e7\u00f5es ser\u00e3o: Avi\u00f5es do Forro, Harmonia do Samba, Trio da Huana, Cangaia de Jegue, Psirico, Bel Marques, Gustavo Lima, [&hellip;]<\/p>\n","protected":false},"author":2,"featured_media":0,"comment_status":"open","ping_status":"open","sticky":false,"template":"","format":"standard","meta":{"footnotes":"","_links_to":"","_links_to_target":""},"categories":[1],"tags":[],"class_list":["post-36142","post","type-post","status-publish","format-standard","hentry","category-geral"],"views":3602,"_links":{"self":[{"href":"https:\/\/www.sudoestehoje.com.br\/novoportal\/wp-json\/wp\/v2\/posts\/36142","targetHints":{"allow":["GET"]}}],"collection":[{"href":"https:\/\/www.sudoestehoje.com.br\/novoportal\/wp-json\/wp\/v2\/posts"}],"about":[{"href":"https:\/\/www.sudoestehoje.com.br\/novoportal\/wp-json\/wp\/v2\/types\/post"}],"author":[{"embeddable":true,"href":"https:\/\/www.sudoestehoje.com.br\/novoportal\/wp-json\/wp\/v2\/users\/2"}],"replies":[{"embeddable":true,"href":"https:\/\/www.sudoestehoje.com.br\/novoportal\/wp-json\/wp\/v2\/comments?post=36142"}],"version-history":[{"count":4,"href":"https:\/\/www.sudoestehoje.com.br\/novoportal\/wp-json\/wp\/v2\/posts\/36142\/revisions"}],"predecessor-version":[{"id":36147,"href":"https:\/\/www.sudoestehoje.com.br\/novoportal\/wp-json\/wp\/v2\/posts\/36142\/revisions\/36147"}],"wp:attachment":[{"href":"https:\/\/www.sudoestehoje.com.br\/novoportal\/wp-json\/wp\/v2\/media?parent=36142"}],"wp:term":[{"taxonomy":"category","embeddable":true,"href":"https:\/\/www.sudoestehoje.com.br\/novoportal\/wp-json\/wp\/v2\/categories?post=36142"},{"taxonomy":"post_tag","embeddable":true,"href":"https:\/\/www.sudoestehoje.com.br\/novoportal\/wp-json\/wp\/v2\/tags?post=36142"}],"curies":[{"name":"wp","href":"https:\/\/api.w.org\/{rel}","templated":true}]}}