
{"id":36132,"date":"2014-04-17T15:52:10","date_gmt":"2014-04-17T18:52:10","guid":{"rendered":"http:\/\/www.sudoestehoje.com.br\/novoportal\/?p=36132"},"modified":"2014-04-17T15:52:10","modified_gmt":"2014-04-17T18:52:10","slug":"encerrada-a-greve-da-pm","status":"publish","type":"post","link":"https:\/\/www.sudoestehoje.com.br\/novoportal\/2014\/04\/17\/encerrada-a-greve-da-pm\/","title":{"rendered":"ENCERRADA A GREVE DA PM"},"content":{"rendered":"<p><a href=\"http:\/\/www.sudoestehoje.com.br\/novoportal\/wp-content\/uploads\/2014\/04\/GREVE-FIM.jpg\"><img loading=\"lazy\" decoding=\"async\" class=\"aligncenter size-medium wp-image-36133\" alt=\"GREVE FIM\" src=\"http:\/\/www.sudoestehoje.com.br\/novoportal\/wp-content\/uploads\/2014\/04\/GREVE-FIM-500x271.jpg\" width=\"500\" height=\"271\" srcset=\"https:\/\/www.sudoestehoje.com.br\/novoportal\/wp-content\/uploads\/2014\/04\/GREVE-FIM-500x271.jpg 500w, https:\/\/www.sudoestehoje.com.br\/novoportal\/wp-content\/uploads\/2014\/04\/GREVE-FIM.jpg 590w\" sizes=\"auto, (max-width: 500px) 100vw, 500px\" \/><\/a><\/p>\n<p>Os policiais e bombeiros do estado da Bahia encerraram no in\u00edcio da tarde desta quinta-feira (17) a greve deflagrada na noite da \u00faltima ter\u00e7a-feira (15). O fim da greve foi decretado h\u00e1 pouco em assembleia ap\u00f3s reuni\u00e3o pela manh\u00e3 do comando grevista com o comandante da pol\u00edcia militar, vereadores e a interven\u00e7\u00e3o do Arcebispo de Salvador e Primaz do Brasil, Dom Murilo Krieger.<\/p>\n<p>Entre os itens conquistados est\u00e1 a garantia da n\u00e3o puni\u00e7\u00e3o aos participantes do levante, assim como a revis\u00e3o do C\u00f3digo de \u00c9tica e do plano de cargos e sal\u00e1rios, t\u00e3o logo os PMs retomem os postos de trabalho.\u00a0Ao propor o fim do movimento, um dos l\u00edderes do movimento, o vereador Soldado Prisco, pediu para que os policiais lotem a Assembleia Legislativa e cobrem dos parlamentares a vota\u00e7\u00e3o dos projetos de interesse da categoria.<\/p>\n<p>Ainda pela manh\u00e3 \u00a0Prisco chegou a afirmar que a greve poderia acabar hoje.\u00a0Mais tarde foi a vez do Comandante geral da PM, Coronel Alfredo Castro, garantir que grevistas e governo chegaram a uma pauta consensual e que o retorno dos policiais ao trabalho estava pr\u00f3ximo.<\/p>\n","protected":false},"excerpt":{"rendered":"<p>Os policiais e bombeiros do estado da Bahia encerraram no in\u00edcio da tarde desta quinta-feira (17) a greve deflagrada na noite da \u00faltima ter\u00e7a-feira (15). O fim da greve foi decretado h\u00e1 pouco em assembleia ap\u00f3s reuni\u00e3o pela manh\u00e3 do comando grevista com o comandante da pol\u00edcia militar, vereadores e a interven\u00e7\u00e3o do Arcebispo de [&hellip;]<\/p>\n","protected":false},"author":2,"featured_media":0,"comment_status":"open","ping_status":"open","sticky":false,"template":"","format":"standard","meta":{"footnotes":"","_links_to":"","_links_to_target":""},"categories":[1],"tags":[],"class_list":["post-36132","post","type-post","status-publish","format-standard","hentry","category-geral"],"views":1177,"_links":{"self":[{"href":"https:\/\/www.sudoestehoje.com.br\/novoportal\/wp-json\/wp\/v2\/posts\/36132","targetHints":{"allow":["GET"]}}],"collection":[{"href":"https:\/\/www.sudoestehoje.com.br\/novoportal\/wp-json\/wp\/v2\/posts"}],"about":[{"href":"https:\/\/www.sudoestehoje.com.br\/novoportal\/wp-json\/wp\/v2\/types\/post"}],"author":[{"embeddable":true,"href":"https:\/\/www.sudoestehoje.com.br\/novoportal\/wp-json\/wp\/v2\/users\/2"}],"replies":[{"embeddable":true,"href":"https:\/\/www.sudoestehoje.com.br\/novoportal\/wp-json\/wp\/v2\/comments?post=36132"}],"version-history":[{"count":2,"href":"https:\/\/www.sudoestehoje.com.br\/novoportal\/wp-json\/wp\/v2\/posts\/36132\/revisions"}],"predecessor-version":[{"id":36135,"href":"https:\/\/www.sudoestehoje.com.br\/novoportal\/wp-json\/wp\/v2\/posts\/36132\/revisions\/36135"}],"wp:attachment":[{"href":"https:\/\/www.sudoestehoje.com.br\/novoportal\/wp-json\/wp\/v2\/media?parent=36132"}],"wp:term":[{"taxonomy":"category","embeddable":true,"href":"https:\/\/www.sudoestehoje.com.br\/novoportal\/wp-json\/wp\/v2\/categories?post=36132"},{"taxonomy":"post_tag","embeddable":true,"href":"https:\/\/www.sudoestehoje.com.br\/novoportal\/wp-json\/wp\/v2\/tags?post=36132"}],"curies":[{"name":"wp","href":"https:\/\/api.w.org\/{rel}","templated":true}]}}