
{"id":3613,"date":"2011-02-24T12:38:10","date_gmt":"2011-02-24T15:38:10","guid":{"rendered":"http:\/\/www.sudoestehoje.com.br\/novoportal\/?p=3613"},"modified":"2011-02-24T23:08:51","modified_gmt":"2011-02-25T02:08:51","slug":"reajuste-dos-servidores-do-estado-sera-de-apenas-591","status":"publish","type":"post","link":"https:\/\/www.sudoestehoje.com.br\/novoportal\/2011\/02\/24\/reajuste-dos-servidores-do-estado-sera-de-apenas-591\/","title":{"rendered":"REAJUSTE DOS SERVIDORES DO ESTADO SER\u00c1 DE APENAS 5,91%"},"content":{"rendered":"<p style=\"text-align: center;\"><img decoding=\"async\" class=\"aligncenter\" src=\"http:\/\/dceunama.files.wordpress.com\/2010\/02\/charge20aumento.jpg?w=405&amp;h=330\" alt=\"\" \/><em><strong>Servidores n\u00e3o t\u00eam aumento real de sal\u00e1rios\u00a0h\u00e1 anos<\/strong><\/em>\u00a0<\/p>\n<p>\u00a0<\/p>\n<p>O Governo do Estado encaminhou, nesta quarta-feira (23), \u00e0 Assembleia Legislativa da Bahia, o projeto de lei que define o reajuste salarial para o funcionalismo p\u00fablico. O \u00edndice de 5,91% se estende ao vencimento dos 268 mil servidores estaduais, entre ativos, inativos e pensionistas e ser\u00e1 aplicado de forma retroativa ao m\u00eas de janeiro, data-base definida pelo Estatuto dos Servidores P\u00fablicos Estaduais.<\/p>\n<p>Como j\u00e1 vem ocorrendo desde 2007, o governador\u00a0Wagner tenta justificar o\u00a0 insignificante reajuste, alegando que <em>&#8220;o governo estadual mant\u00e9m o compromisso de garantir que permane\u00e7am iguais ou acima do sal\u00e1rio m\u00ednimo nacional os vencimentos b\u00e1sicos dos servidores&#8221;,<\/em> perpetuando o arrocho salarial do funcionalismo baiano, iniciado na chamada &#8216;era\u00a0 Carlista&#8217;.<\/p>\n<p>Com isto, os servidores estaduais continuar\u00e3o sem receber aumento real de sal\u00e1rios, o que j\u00e1 ocorre h\u00e1 anos. O curioso \u00e9 que os sindicatos que representam as v\u00e1rias categorias dos servidores estaduais, a exemplo da &#8216;ex-combativa&#8217; APLB, continuam de bra\u00e7os cruzados ou defendendo, vergonhosamente, os reajustes propostos pelo governo petista.<\/p>\n<p>Vale lembrar que o governo federal prop\u00f4s um percentual de aumento da ordem de 6,87 para o sal\u00e1rio m\u00ednimo, elevando-o de R$513,00 para R$545,00, enquanto o governo da Bahia est\u00e1 propondo um \u00edndice menor do que o proposto pelo governo federal, da ordem de 5,91%.<\/p>\n<p>Da reda\u00e7\u00e3o<\/p>\n","protected":false},"excerpt":{"rendered":"<p>Servidores n\u00e3o t\u00eam aumento real de sal\u00e1rios\u00a0h\u00e1 anos\u00a0 \u00a0 O Governo do Estado encaminhou, nesta quarta-feira (23), \u00e0 Assembleia Legislativa da Bahia, o projeto de lei que define o reajuste salarial para o funcionalismo p\u00fablico. O \u00edndice de 5,91% se estende ao vencimento dos 268 mil servidores estaduais, entre ativos, inativos e pensionistas e ser\u00e1 [&hellip;]<\/p>\n","protected":false},"author":2,"featured_media":0,"comment_status":"open","ping_status":"open","sticky":false,"template":"","format":"standard","meta":{"footnotes":"","_links_to":"","_links_to_target":""},"categories":[1],"tags":[],"class_list":["post-3613","post","type-post","status-publish","format-standard","hentry","category-geral"],"views":1262,"_links":{"self":[{"href":"https:\/\/www.sudoestehoje.com.br\/novoportal\/wp-json\/wp\/v2\/posts\/3613","targetHints":{"allow":["GET"]}}],"collection":[{"href":"https:\/\/www.sudoestehoje.com.br\/novoportal\/wp-json\/wp\/v2\/posts"}],"about":[{"href":"https:\/\/www.sudoestehoje.com.br\/novoportal\/wp-json\/wp\/v2\/types\/post"}],"author":[{"embeddable":true,"href":"https:\/\/www.sudoestehoje.com.br\/novoportal\/wp-json\/wp\/v2\/users\/2"}],"replies":[{"embeddable":true,"href":"https:\/\/www.sudoestehoje.com.br\/novoportal\/wp-json\/wp\/v2\/comments?post=3613"}],"version-history":[{"count":6,"href":"https:\/\/www.sudoestehoje.com.br\/novoportal\/wp-json\/wp\/v2\/posts\/3613\/revisions"}],"predecessor-version":[{"id":3619,"href":"https:\/\/www.sudoestehoje.com.br\/novoportal\/wp-json\/wp\/v2\/posts\/3613\/revisions\/3619"}],"wp:attachment":[{"href":"https:\/\/www.sudoestehoje.com.br\/novoportal\/wp-json\/wp\/v2\/media?parent=3613"}],"wp:term":[{"taxonomy":"category","embeddable":true,"href":"https:\/\/www.sudoestehoje.com.br\/novoportal\/wp-json\/wp\/v2\/categories?post=3613"},{"taxonomy":"post_tag","embeddable":true,"href":"https:\/\/www.sudoestehoje.com.br\/novoportal\/wp-json\/wp\/v2\/tags?post=3613"}],"curies":[{"name":"wp","href":"https:\/\/api.w.org\/{rel}","templated":true}]}}